{"id":3059,"date":"2024-11-20T15:10:00","date_gmt":"2024-11-20T15:10:00","guid":{"rendered":"https:\/\/curo.fr\/a-quel-age-consulter-prostate-guide-pratique\/"},"modified":"2024-11-20T15:10:00","modified_gmt":"2024-11-20T15:10:00","slug":"a-quel-age-consulter-prostate-guide-pratique","status":"publish","type":"post","link":"https:\/\/curo.fr\/it\/a-quel-age-consulter-prostate-guide-pratique\/","title":{"rendered":"\u00c0 quel \u00e2ge consulter pour la prostate : guide pratique"},"content":{"rendered":"<p><!-- summary-start --><\/p>\n<p><strong>L'articolo in breve<\/strong><\/p>\n<p><p><strong>La surveillance de la prostate doit d\u00e9buter d\u00e8s 40 ans pour une pr\u00e9vention efficace et adapt\u00e9e.<\/strong><\/p>\n<ul>\n<li>\u00c0 <strong>40 anni<\/strong> : premi\u00e8re discussion avec le m\u00e9decin g\u00e9n\u00e9raliste, particuli\u00e8rement si <em>ant\u00e9c\u00e9dents familiaux<\/em><\/li>\n<li>\u00c0 <strong>45 ans<\/strong> : d\u00e9pistage recommand\u00e9 en cas de <em>risques \u00e9lev\u00e9s<\/em> (h\u00e9r\u00e9dit\u00e9, origine africaine)<\/li>\n<li>\u00c0 <strong>50 ans<\/strong> : <strong>d\u00e9pistage syst\u00e9matique<\/strong> annuel associant toucher rectal et dosage PSA jusqu&rsquo;\u00e0 75 ans<\/li>\n<li><strong>\u00c0 tout \u00e2ge<\/strong> : consultation imm\u00e9diate si troubles urinaires (mictions fr\u00e9quentes, jet faible, br\u00fblures)<\/li>\n<li><em>Pr\u00e9vention quotidienne<\/em> : activit\u00e9 physique, alimentation saine, hydratation pour prot\u00e9ger la glande<\/li>\n<\/ul>\n<p><!-- summary-end --><\/p>\n<p>Quarante ans. C&rsquo;est l&rsquo;\u00e2ge o\u00f9 la prostate commence silencieusement \u00e0 changer. Pas de douleur, pas de signal d&rsquo;alarme \u00e9vident \u2014 et pourtant, c&rsquo;est pr\u00e9cis\u00e9ment l\u00e0 que tout commence. Dans mon cabinet, je re\u00e7ois r\u00e9guli\u00e8rement des hommes qui attendent d&rsquo;avoir des sympt\u00f4mes g\u00eanants avant de pousser la porte. C&rsquo;est souvent trop tard pour agir sereinement. La bonne nouvelle \u2014 savoir <strong>\u00e0 quel \u00e2ge consulter pour la prostate<\/strong> peut faire une vraie diff\u00e9rence.<\/p>\n<h2>\u00c0 partir de quel \u00e2ge consulter un m\u00e9decin pour sa prostate ?<\/h2>\n<h3>D\u00e8s 40 ans : surveiller sans paniquer<\/h3>\n<p>La prostate est une glande de la taille d&rsquo;une ch\u00e2taigne chez le jeune homme. Pass\u00e9 la quarantaine, elle commence \u00e0 grossir. Ce ph\u00e9nom\u00e8ne, appel\u00e9 <em>iperplasia prostatica benigna<\/em>, est absolument normal. Mais il peut, avec les ann\u00e9es, comprimer l&rsquo;ur\u00e8tre et provoquer des troubles urinaires.<\/p>\n<p>\u00c0 40 ans, je ne recommande pas encore un d\u00e9pistage syst\u00e9matique du cancer. En revanche, c&rsquo;est le bon moment pour parler de votre prostate \u00e0 votre m\u00e9decin g\u00e9n\u00e9raliste, notamment si vous avez des ant\u00e9c\u00e9dents familiaux. Ce premier interlocuteur est essentiel : c&rsquo;est lui qui oriente, qui rassure, et qui d\u00e9cide si une consultation sp\u00e9cialis\u00e9e est n\u00e9cessaire.<\/p>\n<p>Une hygi\u00e8ne de vie saine adopt\u00e9e t\u00f4t prot\u00e8ge aussi votre prostate sur le long terme. Activit\u00e9 physique r\u00e9guli\u00e8re, alimentation riche en l\u00e9gumes et pauvre en graisses satur\u00e9es \u2014 ces habitudes simples r\u00e9duisent les risques. Je le dis \u00e0 tous mes patients : la pr\u00e9vention commence bien avant les premiers sympt\u00f4mes.<\/p>\n<h3>\u00c0 50 ans : le d\u00e9pistage devient essentielle<\/h3>\n<p><strong>\u00c0 quel \u00e2ge consulter pour la prostate<\/strong> ? La r\u00e9ponse m\u00e9dicale claire est : <strong>\u00e0 50 ans pour tout homme<\/strong>, sans exception. C&rsquo;est la recommandation officielle de l&rsquo;<em>Association Fran\u00e7aise d&rsquo;Urologie<\/em>, qui pr\u00e9conise un d\u00e9pistage annuel syst\u00e9matique entre 50 et 75 ans.<\/p>\n<p>Ce d\u00e9pistage repose sur deux examens compl\u00e9mentaires. D&rsquo;abord le <em>esame rettale<\/em> (TR) : rapide, indolore, il permet de palper la prostate et de d\u00e9tecter une anomalie de forme ou de consistance. Ensuite le <em>dosage sanguin du PSA<\/em> (antig\u00e8ne sp\u00e9cifique de la prostate) : une simple prise de sang qui mesure une prot\u00e9ine produite par la glande. Un taux \u00e9lev\u00e9 peut alerter, mais n&rsquo;est pas synonyme de cancer \u2014 d&rsquo;autres facteurs entrent en jeu.<\/p>\n<p>Voici les deux examens de base lors d&rsquo;une consultation prostate :<\/p>\n<ol>\n<li><strong>Esame rettale<\/strong> \u2014 \u00e9valuation manuelle de la glande par l&rsquo;urologue ou le g\u00e9n\u00e9raliste<\/li>\n<li><strong>Le dosage du PSA<\/strong> \u2014 analyse sanguine pour mesurer l&rsquo;antig\u00e8ne prostatique sp\u00e9cifique<\/li>\n<\/ol>\n<p>Si l&rsquo;un ou l&rsquo;autre para\u00eet suspect, une <em>biopsie prostatique<\/em> peut \u00eatre envisag\u00e9e. Cet examen, r\u00e9alis\u00e9 sous anesth\u00e9sie locale, permet de confirmer ou d&rsquo;infirmer la pr\u00e9sence de cellules canc\u00e9reuses. Certes, il comporte quelques risques mineurs (saignements, infections), mais il reste l&rsquo;outil de diagnostic le plus fiable \u00e0 ce jour.<\/p>\n<h3>Risques \u00e9lev\u00e9s : anticiper d\u00e8s 45 ans<\/h3>\n<p>Certains hommes doivent agir plus t\u00f4t. Si votre p\u00e8re ou votre fr\u00e8re a \u00e9t\u00e9 diagnostiqu\u00e9 d&rsquo;un cancer de la prostate, votre risque personnel est multipli\u00e9. L&rsquo;origine africaine ou afro-carib\u00e9enne repr\u00e9sente \u00e9galement un facteur de risque reconnu. Dans ces situations, le d\u00e9pistage peut commencer d\u00e8s <strong>45 ans<\/strong>.<\/p>\n<p>Je me souviens d&rsquo;un patient, 47 ans, venu me consulter uniquement parce que son fr\u00e8re a\u00een\u00e9 venait d&rsquo;\u00eatre op\u00e9r\u00e9. Il n&rsquo;avait aucun sympt\u00f4me. Son PSA \u00e9tait l\u00e9g\u00e8rement \u00e9lev\u00e9. Biopsie r\u00e9alis\u00e9e : cancer localis\u00e9, trait\u00e9 avec succ\u00e8s. Sans ce d\u00e9pistage anticip\u00e9, l&rsquo;issue aurait \u00e9t\u00e9 bien diff\u00e9rente.<\/p>\n<h2>Sympt\u00f4mes et \u00e2ges cl\u00e9s : quand ne pas attendre<\/h2>\n<h3>Les signaux que votre corps envoie<\/h3>\n<p>Quel que soit votre \u00e2ge, certains signes doivent vous conduire imm\u00e9diatement chez un m\u00e9decin. Envies fr\u00e9quentes d&rsquo;uriner la nuit, jet faible ou hach\u00e9, sensation de vessie incompl\u00e8tement vid\u00e9e, br\u00fblures urinaires \u2014 ces <em>troubles fonctionnels<\/em> m\u00e9ritent une \u00e9valuation s\u00e9rieuse. Ils peuvent indiquer une hypertrophie b\u00e9nigne, une prostatite (inflammation), ou plus rarement un cancer.<\/p>\n<p>Les chiffres parlent d&rsquo;eux-m\u00eames : <strong>60 % des hommes pr\u00e9sentent des troubles de la prostate apr\u00e8s 60 ans<\/strong>, et ce taux monte \u00e0 90 % apr\u00e8s 85 ans. Autant dire que la majorit\u00e9 des hommes \u00e2g\u00e9s sera concern\u00e9e. Pourtant, beaucoup h\u00e9sitent encore \u00e0 consulter, par pudeur ou par crainte de l&rsquo;examen.<\/p>\n<table border=\"1\" cellpadding=\"8\" cellspacing=\"0\" style=\"border-collapse&nbsp;:collapse; width&nbsp;:100%;\">\n<thead>\n<tr>\n<th>Et\u00e0<\/th>\n<th>Situazione<\/th>\n<th>Recommandation<\/th>\n<\/tr>\n<\/thead>\n<tbody>\n<tr>\n<td>D\u00e8s 40 ans<\/td>\n<td>Population g\u00e9n\u00e9rale, sans sympt\u00f4me<\/td>\n<td>Parler de la prostate au m\u00e9decin g\u00e9n\u00e9raliste<\/td>\n<\/tr>\n<tr>\n<td>D\u00e8s 45 ans<\/td>\n<td>Ant\u00e9c\u00e9dents familiaux, origine africaine<\/td>\n<td>D\u00e9but du d\u00e9pistage (TR + PSA)<\/td>\n<\/tr>\n<tr>\n<td>D\u00e8s 50 ans<\/td>\n<td>Tout homme<\/td>\n<td>D\u00e9pistage annuel jusqu&rsquo;\u00e0 75 ans<\/td>\n<\/tr>\n<tr>\n<td>Tout \u00e2ge<\/td>\n<td>Sympt\u00f4mes urinaires pr\u00e9sents<\/td>\n<td>Consultation imm\u00e9diate recommand\u00e9e<\/td>\n<\/tr>\n<\/tbody>\n<\/table>\n<h3>Le r\u00f4le central de l&rsquo;urologue<\/h3>\n<p>L&rsquo;urologue est le sp\u00e9cialiste vers lequel votre g\u00e9n\u00e9raliste vous orientera si besoin. Pour savoir quelles situations justifient cette orientation, vous pouvez consulter ce <a href=\"https:\/\/curo.fr\/it\/guida-ai-casi-comuni-che-richiedono-una-consultazione-urologica\/\">guide sur les cas courants n\u00e9cessitant une consultation en urologie<\/a>. Cette sp\u00e9cialit\u00e9 traite aussi bien les enfants que les adultes \u00e2g\u00e9s \u2014 la prostate n&rsquo;est qu&rsquo;une partie du spectre.<\/p>\n<p>Apr\u00e8s 70 ans, le cancer de la prostate devient statistiquement plus fr\u00e9quent. Une surveillance r\u00e9guli\u00e8re reste indispensable, m\u00eame si le m\u00e9decin peut adapter les recommandations selon l&rsquo;\u00e9tat de sant\u00e9 g\u00e9n\u00e9ral du patient. L&rsquo;objectif n&rsquo;est pas de traiter \u00e0 tout prix, mais de d\u00e9cider ensemble ce qui est le plus adapt\u00e9.<\/p>\n<h3>Prendre soin de sa prostate au quotidien<\/h3>\n<p>Le d\u00e9pistage ne se substitue pas \u00e0 la pr\u00e9vention. Maintenir un poids stable, limiter l&rsquo;alcool, bouger r\u00e9guli\u00e8rement \u2014 ces gestes concrets r\u00e9duisent l&rsquo;inflammation chronique souvent associ\u00e9e aux pathologies prostatiques. Certains nutriments comme le lycop\u00e8ne (pr\u00e9sent dans la tomate cuite) semblent protecteurs, selon plusieurs travaux de recherche en nutrition.<\/p>\n<p>La pr\u00e9vention, c&rsquo;est aussi psychologique. D\u00e9dramatiser le toucher rectal, parler librement de ses troubles urinaires \u00e0 son m\u00e9decin \u2014 voil\u00e0 ce qui fait vraiment avancer les choses. Pour aller plus loin, retrouvez des informations g\u00e9n\u00e9rales sur l&rsquo;<a href=\"https:\/\/fr.wikipedia.org\/wiki\/Urologie\">wiki urologia<\/a> ou sur un <a href=\"https:\/\/www.elsan.care\/fr\/patients\/urologie\">reparto di urologia<\/a> sp\u00e9cialis\u00e9.<\/p>\n<div style='text-align:center;'><iframe width='560' height='315' src='https:\/\/www.youtube.com\/embed\/OPYeUbKuuNM' frameborder='0' allow='accelerometer; autoplay; clipboard-write; encrypted-media; gyroscope; picture-in-picture' allowfullscreen><\/iframe><\/div>","protected":false},"excerpt":{"rendered":"<p>L&rsquo;article en bref La surveillance de la prostate doit d\u00e9buter d\u00e8s 40 ans pour une pr\u00e9vention efficace et adapt\u00e9e. \u00c0 40 ans : premi\u00e8re discussion avec le m\u00e9decin g\u00e9n\u00e9raliste, particuli\u00e8rement si ant\u00e9c\u00e9dents familiaux \u00c0 45 ans : d\u00e9pistage recommand\u00e9 en cas de risques \u00e9lev\u00e9s (h\u00e9r\u00e9dit\u00e9, origine africaine) \u00c0 50 ans : d\u00e9pistage syst\u00e9matique annuel associant &#8230; <a title=\"\u00c0 quel \u00e2ge consulter pour la prostate : guide pratique\" class=\"read-more\" href=\"https:\/\/curo.fr\/it\/a-quel-age-consulter-prostate-guide-pratique\/\" aria-label=\"Per saperne di pi\u00f9 su \u00c0 quel \u00e2ge consulter pour la prostate : guide pratique\">Leggi tutto<\/a><\/p>","protected":false},"author":2,"featured_media":3057,"comment_status":"open","ping_status":"","sticky":false,"template":"","format":"standard","meta":{"footnotes":""},"categories":[1],"tags":[],"class_list":["post-3059","post","type-post","status-publish","format-standard","has-post-thumbnail","hentry","category-uncategorized"],"yoast_head":"<!-- This site is optimized with the Yoast SEO plugin v27.3 - https:\/\/yoast.com\/product\/yoast-seo-wordpress\/ -->\n<title>\u00c0 quel \u00e2ge consulter pour la prostate : guide pratique - Curo<\/title>\n<meta name=\"robots\" content=\"index, follow, max-snippet:-1, max-image-preview:large, max-video-preview:-1\" \/>\n<link rel=\"canonical\" href=\"https:\/\/curo.fr\/it\/a-quel-age-consulter-prostate-guide-pratique\/\" \/>\n<meta property=\"og:locale\" content=\"it_IT\" \/>\n<meta property=\"og:type\" content=\"article\" \/>\n<meta property=\"og:title\" content=\"\u00c0 quel \u00e2ge consulter pour la prostate : guide pratique - Curo\" \/>\n<meta property=\"og:description\" content=\"L&rsquo;article en bref La surveillance de la prostate doit d\u00e9buter d\u00e8s 40 ans pour une pr\u00e9vention efficace et adapt\u00e9e. \u00c0 40 ans : premi\u00e8re discussion avec le m\u00e9decin g\u00e9n\u00e9raliste, particuli\u00e8rement si ant\u00e9c\u00e9dents familiaux \u00c0 45 ans : d\u00e9pistage recommand\u00e9 en cas de risques \u00e9lev\u00e9s (h\u00e9r\u00e9dit\u00e9, origine africaine) \u00c0 50 ans : d\u00e9pistage syst\u00e9matique annuel associant ... Leggi tutto\" \/>\n<meta property=\"og:url\" content=\"https:\/\/curo.fr\/it\/a-quel-age-consulter-prostate-guide-pratique\/\" \/>\n<meta property=\"og:site_name\" content=\"Curo\" \/>\n<meta property=\"article:published_time\" content=\"2024-11-20T15:10:00+00:00\" \/>\n<meta name=\"author\" content=\"Damien\" \/>\n<meta name=\"twitter:card\" content=\"summary_large_image\" \/>\n<meta name=\"twitter:label1\" content=\"Scritto da\" \/>\n\t<meta name=\"twitter:data1\" content=\"Damien\" \/>\n\t<meta name=\"twitter:label2\" content=\"Tempo di lettura stimato\" \/>\n\t<meta name=\"twitter:data2\" content=\"6 minuti\" \/>\n<script type=\"application\/ld+json\" class=\"yoast-schema-graph\">{\"@context\":\"https:\\\/\\\/schema.org\",\"@graph\":[{\"@type\":\"Article\",\"@id\":\"https:\\\/\\\/curo.fr\\\/a-quel-age-consulter-prostate-guide-pratique\\\/#article\",\"isPartOf\":{\"@id\":\"https:\\\/\\\/curo.fr\\\/a-quel-age-consulter-prostate-guide-pratique\\\/\"},\"author\":{\"name\":\"Damien\",\"@id\":\"https:\\\/\\\/curo.fr\\\/#\\\/schema\\\/person\\\/a73e8b1000e7b99c3f7c5eb9fa1151e0\"},\"headline\":\"\u00c0 quel \u00e2ge consulter pour la prostate : guide pratique\",\"datePublished\":\"2024-11-20T15:10:00+00:00\",\"mainEntityOfPage\":{\"@id\":\"https:\\\/\\\/curo.fr\\\/a-quel-age-consulter-prostate-guide-pratique\\\/\"},\"wordCount\":1153,\"commentCount\":0,\"publisher\":{\"@id\":\"https:\\\/\\\/curo.fr\\\/#organization\"},\"image\":{\"@id\":\"https:\\\/\\\/curo.fr\\\/a-quel-age-consulter-prostate-guide-pratique\\\/#primaryimage\"},\"thumbnailUrl\":\"https:\\\/\\\/curo.fr\\\/wp-content\\\/uploads\\\/2026\\\/04\\\/consultation_medicale_entre_medecin_et_patient_5937.webp\",\"articleSection\":[\"Uncategorized\"],\"inLanguage\":\"it-IT\",\"potentialAction\":[{\"@type\":\"CommentAction\",\"name\":\"Comment\",\"target\":[\"https:\\\/\\\/curo.fr\\\/a-quel-age-consulter-prostate-guide-pratique\\\/#respond\"]}]},{\"@type\":\"WebPage\",\"@id\":\"https:\\\/\\\/curo.fr\\\/a-quel-age-consulter-prostate-guide-pratique\\\/\",\"url\":\"https:\\\/\\\/curo.fr\\\/a-quel-age-consulter-prostate-guide-pratique\\\/\",\"name\":\"\u00c0 quel \u00e2ge consulter pour la prostate : guide pratique - Curo\",\"isPartOf\":{\"@id\":\"https:\\\/\\\/curo.fr\\\/#website\"},\"primaryImageOfPage\":{\"@id\":\"https:\\\/\\\/curo.fr\\\/a-quel-age-consulter-prostate-guide-pratique\\\/#primaryimage\"},\"image\":{\"@id\":\"https:\\\/\\\/curo.fr\\\/a-quel-age-consulter-prostate-guide-pratique\\\/#primaryimage\"},\"thumbnailUrl\":\"https:\\\/\\\/curo.fr\\\/wp-content\\\/uploads\\\/2026\\\/04\\\/consultation_medicale_entre_medecin_et_patient_5937.webp\",\"datePublished\":\"2024-11-20T15:10:00+00:00\",\"breadcrumb\":{\"@id\":\"https:\\\/\\\/curo.fr\\\/a-quel-age-consulter-prostate-guide-pratique\\\/#breadcrumb\"},\"inLanguage\":\"it-IT\",\"potentialAction\":[{\"@type\":\"ReadAction\",\"target\":[\"https:\\\/\\\/curo.fr\\\/a-quel-age-consulter-prostate-guide-pratique\\\/\"]}]},{\"@type\":\"ImageObject\",\"inLanguage\":\"it-IT\",\"@id\":\"https:\\\/\\\/curo.fr\\\/a-quel-age-consulter-prostate-guide-pratique\\\/#primaryimage\",\"url\":\"https:\\\/\\\/curo.fr\\\/wp-content\\\/uploads\\\/2026\\\/04\\\/consultation_medicale_entre_medecin_et_patient_5937.webp\",\"contentUrl\":\"https:\\\/\\\/curo.fr\\\/wp-content\\\/uploads\\\/2026\\\/04\\\/consultation_medicale_entre_medecin_et_patient_5937.webp\",\"width\":1376,\"height\":768,\"caption\":\"M\u00e9decin en blouse blanche consulte un patient \u00e2g\u00e9 dans son bureau\"},{\"@type\":\"BreadcrumbList\",\"@id\":\"https:\\\/\\\/curo.fr\\\/a-quel-age-consulter-prostate-guide-pratique\\\/#breadcrumb\",\"itemListElement\":[{\"@type\":\"ListItem\",\"position\":1,\"name\":\"Home\",\"item\":\"https:\\\/\\\/curo.fr\\\/\"},{\"@type\":\"ListItem\",\"position\":2,\"name\":\"\u00c0 quel \u00e2ge consulter pour la prostate : guide pratique\"}]},{\"@type\":\"WebSite\",\"@id\":\"https:\\\/\\\/curo.fr\\\/#website\",\"url\":\"https:\\\/\\\/curo.fr\\\/\",\"name\":\"Curo\",\"description\":\"\",\"publisher\":{\"@id\":\"https:\\\/\\\/curo.fr\\\/#organization\"},\"potentialAction\":[{\"@type\":\"SearchAction\",\"target\":{\"@type\":\"EntryPoint\",\"urlTemplate\":\"https:\\\/\\\/curo.fr\\\/?s={search_term_string}\"},\"query-input\":{\"@type\":\"PropertyValueSpecification\",\"valueRequired\":true,\"valueName\":\"search_term_string\"}}],\"inLanguage\":\"it-IT\"},{\"@type\":\"Organization\",\"@id\":\"https:\\\/\\\/curo.fr\\\/#organization\",\"name\":\"Curo\",\"url\":\"https:\\\/\\\/curo.fr\\\/\",\"logo\":{\"@type\":\"ImageObject\",\"inLanguage\":\"it-IT\",\"@id\":\"https:\\\/\\\/curo.fr\\\/#\\\/schema\\\/logo\\\/image\\\/\",\"url\":\"https:\\\/\\\/curo.fr\\\/wp-content\\\/uploads\\\/2024\\\/10\\\/logo.png\",\"contentUrl\":\"https:\\\/\\\/curo.fr\\\/wp-content\\\/uploads\\\/2024\\\/10\\\/logo.png\",\"width\":390,\"height\":390,\"caption\":\"Curo\"},\"image\":{\"@id\":\"https:\\\/\\\/curo.fr\\\/#\\\/schema\\\/logo\\\/image\\\/\"}},{\"@type\":\"Person\",\"@id\":\"https:\\\/\\\/curo.fr\\\/#\\\/schema\\\/person\\\/a73e8b1000e7b99c3f7c5eb9fa1151e0\",\"name\":\"Damien\",\"image\":{\"@type\":\"ImageObject\",\"inLanguage\":\"it-IT\",\"@id\":\"https:\\\/\\\/secure.gravatar.com\\\/avatar\\\/ce38768ebaf5d044c623efd7ff10a6ad2e1bf4f59b1039f5295b8e35e82bb447?s=96&d=mm&r=g\",\"url\":\"https:\\\/\\\/secure.gravatar.com\\\/avatar\\\/ce38768ebaf5d044c623efd7ff10a6ad2e1bf4f59b1039f5295b8e35e82bb447?s=96&d=mm&r=g\",\"contentUrl\":\"https:\\\/\\\/secure.gravatar.com\\\/avatar\\\/ce38768ebaf5d044c623efd7ff10a6ad2e1bf4f59b1039f5295b8e35e82bb447?s=96&d=mm&r=g\",\"caption\":\"Damien\"},\"url\":\"https:\\\/\\\/curo.fr\\\/it\\\/author\\\/damien\\\/\"}]}<\/script>\n<!-- \/ Yoast SEO plugin. -->","yoast_head_json":{"title":"\u00c0 quel \u00e2ge consulter pour la prostate : guide pratique - Curo","robots":{"index":"index","follow":"follow","max-snippet":"max-snippet:-1","max-image-preview":"max-image-preview:large","max-video-preview":"max-video-preview:-1"},"canonical":"https:\/\/curo.fr\/it\/a-quel-age-consulter-prostate-guide-pratique\/","og_locale":"it_IT","og_type":"article","og_title":"\u00c0 quel \u00e2ge consulter pour la prostate : guide pratique - Curo","og_description":"L&rsquo;article en bref La surveillance de la prostate doit d\u00e9buter d\u00e8s 40 ans pour une pr\u00e9vention efficace et adapt\u00e9e. \u00c0 40 ans : premi\u00e8re discussion avec le m\u00e9decin g\u00e9n\u00e9raliste, particuli\u00e8rement si ant\u00e9c\u00e9dents familiaux \u00c0 45 ans : d\u00e9pistage recommand\u00e9 en cas de risques \u00e9lev\u00e9s (h\u00e9r\u00e9dit\u00e9, origine africaine) \u00c0 50 ans : d\u00e9pistage syst\u00e9matique annuel associant ... Leggi tutto","og_url":"https:\/\/curo.fr\/it\/a-quel-age-consulter-prostate-guide-pratique\/","og_site_name":"Curo","article_published_time":"2024-11-20T15:10:00+00:00","author":"Damien","twitter_card":"summary_large_image","twitter_misc":{"Scritto da":"Damien","Tempo di lettura stimato":"6 minuti"},"schema":{"@context":"https:\/\/schema.org","@graph":[{"@type":"Article","@id":"https:\/\/curo.fr\/a-quel-age-consulter-prostate-guide-pratique\/#article","isPartOf":{"@id":"https:\/\/curo.fr\/a-quel-age-consulter-prostate-guide-pratique\/"},"author":{"name":"Damien","@id":"https:\/\/curo.fr\/#\/schema\/person\/a73e8b1000e7b99c3f7c5eb9fa1151e0"},"headline":"\u00c0 quel \u00e2ge consulter pour la prostate : guide pratique","datePublished":"2024-11-20T15:10:00+00:00","mainEntityOfPage":{"@id":"https:\/\/curo.fr\/a-quel-age-consulter-prostate-guide-pratique\/"},"wordCount":1153,"commentCount":0,"publisher":{"@id":"https:\/\/curo.fr\/#organization"},"image":{"@id":"https:\/\/curo.fr\/a-quel-age-consulter-prostate-guide-pratique\/#primaryimage"},"thumbnailUrl":"https:\/\/curo.fr\/wp-content\/uploads\/2026\/04\/consultation_medicale_entre_medecin_et_patient_5937.webp","articleSection":["Uncategorized"],"inLanguage":"it-IT","potentialAction":[{"@type":"CommentAction","name":"Comment","target":["https:\/\/curo.fr\/a-quel-age-consulter-prostate-guide-pratique\/#respond"]}]},{"@type":"WebPage","@id":"https:\/\/curo.fr\/a-quel-age-consulter-prostate-guide-pratique\/","url":"https:\/\/curo.fr\/a-quel-age-consulter-prostate-guide-pratique\/","name":"\u00c0 quel \u00e2ge consulter pour la prostate : guide pratique - Curo","isPartOf":{"@id":"https:\/\/curo.fr\/#website"},"primaryImageOfPage":{"@id":"https:\/\/curo.fr\/a-quel-age-consulter-prostate-guide-pratique\/#primaryimage"},"image":{"@id":"https:\/\/curo.fr\/a-quel-age-consulter-prostate-guide-pratique\/#primaryimage"},"thumbnailUrl":"https:\/\/curo.fr\/wp-content\/uploads\/2026\/04\/consultation_medicale_entre_medecin_et_patient_5937.webp","datePublished":"2024-11-20T15:10:00+00:00","breadcrumb":{"@id":"https:\/\/curo.fr\/a-quel-age-consulter-prostate-guide-pratique\/#breadcrumb"},"inLanguage":"it-IT","potentialAction":[{"@type":"ReadAction","target":["https:\/\/curo.fr\/a-quel-age-consulter-prostate-guide-pratique\/"]}]},{"@type":"ImageObject","inLanguage":"it-IT","@id":"https:\/\/curo.fr\/a-quel-age-consulter-prostate-guide-pratique\/#primaryimage","url":"https:\/\/curo.fr\/wp-content\/uploads\/2026\/04\/consultation_medicale_entre_medecin_et_patient_5937.webp","contentUrl":"https:\/\/curo.fr\/wp-content\/uploads\/2026\/04\/consultation_medicale_entre_medecin_et_patient_5937.webp","width":1376,"height":768,"caption":"M\u00e9decin en blouse blanche consulte un patient \u00e2g\u00e9 dans son bureau"},{"@type":"BreadcrumbList","@id":"https:\/\/curo.fr\/a-quel-age-consulter-prostate-guide-pratique\/#breadcrumb","itemListElement":[{"@type":"ListItem","position":1,"name":"Home","item":"https:\/\/curo.fr\/"},{"@type":"ListItem","position":2,"name":"\u00c0 quel \u00e2ge consulter pour la prostate : guide pratique"}]},{"@type":"WebSite","@id":"https:\/\/curo.fr\/#website","url":"https:\/\/curo.fr\/","name":"Curo","description":"","publisher":{"@id":"https:\/\/curo.fr\/#organization"},"potentialAction":[{"@type":"SearchAction","target":{"@type":"EntryPoint","urlTemplate":"https:\/\/curo.fr\/?s={search_term_string}"},"query-input":{"@type":"PropertyValueSpecification","valueRequired":true,"valueName":"search_term_string"}}],"inLanguage":"it-IT"},{"@type":"Organization","@id":"https:\/\/curo.fr\/#organization","name":"Curo","url":"https:\/\/curo.fr\/","logo":{"@type":"ImageObject","inLanguage":"it-IT","@id":"https:\/\/curo.fr\/#\/schema\/logo\/image\/","url":"https:\/\/curo.fr\/wp-content\/uploads\/2024\/10\/logo.png","contentUrl":"https:\/\/curo.fr\/wp-content\/uploads\/2024\/10\/logo.png","width":390,"height":390,"caption":"Curo"},"image":{"@id":"https:\/\/curo.fr\/#\/schema\/logo\/image\/"}},{"@type":"Person","@id":"https:\/\/curo.fr\/#\/schema\/person\/a73e8b1000e7b99c3f7c5eb9fa1151e0","name":"Damiano","image":{"@type":"ImageObject","inLanguage":"it-IT","@id":"https:\/\/secure.gravatar.com\/avatar\/ce38768ebaf5d044c623efd7ff10a6ad2e1bf4f59b1039f5295b8e35e82bb447?s=96&d=mm&r=g","url":"https:\/\/secure.gravatar.com\/avatar\/ce38768ebaf5d044c623efd7ff10a6ad2e1bf4f59b1039f5295b8e35e82bb447?s=96&d=mm&r=g","contentUrl":"https:\/\/secure.gravatar.com\/avatar\/ce38768ebaf5d044c623efd7ff10a6ad2e1bf4f59b1039f5295b8e35e82bb447?s=96&d=mm&r=g","caption":"Damien"},"url":"https:\/\/curo.fr\/it\/author\/damien\/"}]}},"_links":{"self":[{"href":"https:\/\/curo.fr\/it\/wp-json\/wp\/v2\/posts\/3059","targetHints":{"allow":["GET"]}}],"collection":[{"href":"https:\/\/curo.fr\/it\/wp-json\/wp\/v2\/posts"}],"about":[{"href":"https:\/\/curo.fr\/it\/wp-json\/wp\/v2\/types\/post"}],"author":[{"embeddable":true,"href":"https:\/\/curo.fr\/it\/wp-json\/wp\/v2\/users\/2"}],"replies":[{"embeddable":true,"href":"https:\/\/curo.fr\/it\/wp-json\/wp\/v2\/comments?post=3059"}],"version-history":[{"count":0,"href":"https:\/\/curo.fr\/it\/wp-json\/wp\/v2\/posts\/3059\/revisions"}],"wp:featuredmedia":[{"embeddable":true,"href":"https:\/\/curo.fr\/it\/wp-json\/wp\/v2\/media\/3057"}],"wp:attachment":[{"href":"https:\/\/curo.fr\/it\/wp-json\/wp\/v2\/media?parent=3059"}],"wp:term":[{"taxonomy":"category","embeddable":true,"href":"https:\/\/curo.fr\/it\/wp-json\/wp\/v2\/categories?post=3059"},{"taxonomy":"post_tag","embeddable":true,"href":"https:\/\/curo.fr\/it\/wp-json\/wp\/v2\/tags?post=3059"}],"curies":[{"name":"wp","href":"https:\/\/api.w.org\/{rel}","templated":true}]}}