{"id":2873,"date":"2025-11-25T22:53:51","date_gmt":"2025-11-25T22:53:51","guid":{"rendered":"https:\/\/curo.fr\/anatomie-articulation-coude\/"},"modified":"2025-11-25T23:19:46","modified_gmt":"2025-11-25T23:19:46","slug":"anatomie-articulation-coude","status":"publish","type":"post","link":"https:\/\/curo.fr\/it\/anatomie-articulation-coude\/","title":{"rendered":"Anatomie du coude : structure, os et biom\u00e9canique"},"content":{"rendered":"<p style=\"padding: 24px; background: lightblue;\">L&rsquo;essentiel \u00e0 retenir : ce <strong>complexe articulaire synovial unit l&rsquo;hum\u00e9rus, le radius et l&rsquo;ulna<\/strong> via trois articulations distinctes log\u00e9es dans une m\u00eame capsule. Cette architecture hybride, associant charni\u00e8re et pivot, <strong>assure la flexion et la rotation<\/strong> de l&rsquo;avant-bras. Cette double fonctionnalit\u00e9 s&rsquo;av\u00e8re indispensable pour orienter la main et garantir la pr\u00e9cision du membre sup\u00e9rieur.<\/p>\n<p>Identifier l&rsquo;origine pr\u00e9cise des pathologies articulaires ou des limitations motrices impose une analyse d\u00e9taill\u00e9e de l&rsquo;anatomie coude et de ses structures sous-jacentes. Cette synth\u00e8se technique d\u00e9compose l&rsquo;architecture osseuse, le syst\u00e8me ligamentaire et la biom\u00e9canique permettant la jonction fonctionnelle entre le bras et l&rsquo;avant-bras. L&rsquo;examen r\u00e9v\u00e8le les interactions exactes entre les surfaces articulaires et les trajets nerveux pour une <strong>compr\u00e9hension totale de la physiologie du mouvement<\/strong>.<\/p>\n<ol>\n<li><a href=\"#larchitecture-osseuse-les-trois-piliers-du-coude\">L&rsquo;architecture osseuse : les trois piliers du coude<\/a><\/li>\n<li><a href=\"#la-biomecanique-du-coude-une-double-fonctionnalite\">La biom\u00e9canique du coude : une double fonctionnalit\u00e9<\/a><\/li>\n<li><a href=\"#les-systemes-de-stabilisation-ligaments-et-capsule\">Les syst\u00e8mes de stabilisation : ligaments et capsule<\/a><\/li>\n<li><a href=\"#les-passages-strategiques-nerfs-vaisseaux-et-zones-cles\">Les passages strat\u00e9giques : nerfs, vaisseaux et zones cl\u00e9s<\/a><\/li>\n<\/ol>\n<h2 id=\"larchitecture-osseuse-les-trois-piliers-du-coude\">L&rsquo;architecture osseuse : les trois piliers du coude<\/h2>\n<p>Le coude ne se limite pas \u00e0 une simple charni\u00e8re m\u00e9canique ; c&rsquo;est une jonction anatomique o\u00f9 <strong>s&rsquo;assemblent pr\u00e9cis\u00e9ment trois os distincts<\/strong> pour permettre la mobilit\u00e9 du membre sup\u00e9rieur.<\/p>\n<h3>L&rsquo;hum\u00e9rus, le radius et l&rsquo;ulna : les composants<\/h3>\n<p>Cette articulation <strong>assure la connexion entre l&rsquo;hum\u00e9rus [&#8230;] et les deux os formant l&rsquo;avant-bras<\/strong>. On distingue le radius, situ\u00e9 du c\u00f4t\u00e9 du pouce, et l&rsquo;ulna, anciennement appel\u00e9 cubitus, align\u00e9 avec le petit doigt.<\/p>\n<p>La partie distale de l&rsquo;hum\u00e9rus <strong>structure l&rsquo;articulation gr\u00e2ce \u00e0 deux zones sp\u00e9cifiques<\/strong> : la trochl\u00e9e, en forme de poulie pour guider l&rsquo;ulna, et le capitulum, un condyle r\u00e9pondant au radius. Les \u00e9picondyles m\u00e9dial et lat\u00e9ral agissent comme des points d&rsquo;ancrage musculaires.<\/p>\n<p>L&rsquo;architecture du coude repose sur ces <strong>trois \u00e9l\u00e9ments osseux fondamentaux<\/strong> :<\/p>\n<ul>\n<li><strong>Hum\u00e9rus<\/strong> : os unique du bras.<\/li>\n<li><strong>Radius<\/strong> : os lat\u00e9ral de l&rsquo;avant-bras.<\/li>\n<li><strong>Ulna (cubitus)<\/strong> : os m\u00e9dial de l&rsquo;avant-bras.<\/li>\n<\/ul>\n<h3>Les trois articulations embo\u00eet\u00e9es<\/h3>\n<p>Ce que l&rsquo;on nomme commun\u00e9ment \u00ab\u00a0coude\u00a0\u00bb est en r\u00e9alit\u00e9 un complexe articulaire synovial. Il ne s&rsquo;agit pas d&rsquo;une jonction unique, mais de <strong>trois articulations distinctes<\/strong> qui cohabitent \u00e0 l&rsquo;int\u00e9rieur d&rsquo;une m\u00eame capsule articulaire.<\/p>\n<p>Les mouvements de flexion et d&rsquo;extension reposent sur deux interfaces. <strong>L&rsquo;articulation hum\u00e9ro-ulnaire connecte la trochl\u00e9e \u00e0 l&rsquo;ulna, tandis que l&rsquo;articulation hum\u00e9ro-radiale lie le capitulum \u00e0 la t\u00eate du radius<\/strong>, assurant la fluidit\u00e9 du geste.<\/p>\n<p>La troisi\u00e8me composante, l&rsquo;articulation radio-ulnaire proximale, unit le radius \u00e0 l&rsquo;ulna. Elle est m\u00e9caniquement ind\u00e9pendante de la flexion et se d\u00e9die exclusivement \u00e0 la rotation de l&rsquo;avant-bras.<\/p>\n<h2 id=\"la-biomecanique-du-coude-une-double-fonctionnalite\">La biom\u00e9canique du coude : une double fonctionnalit\u00e9<\/h2>\n<p>Maintenant que la structure osseuse est claire, il est temps de voir comment cette architecture permet les <strong>mouvements essentiels du membre sup\u00e9rieur<\/strong>.<\/p>\n<h3>Le mouvement de flexion-extension : l&rsquo;action de charni\u00e8re<\/h3>\n<p>La flexion rapproche l&rsquo;avant-bras du bras, tandis que l&rsquo;extension l&rsquo;\u00e9loigne pour tendre le membre. <strong>Ce m\u00e9canisme fondamental repose sur une articulation de type ginglyme<\/strong>. Elle agit m\u00e9caniquement comme une charni\u00e8re pr\u00e9cise.<\/p>\n<p>La flexion mobilise le <strong>biceps brachial coupl\u00e9 au puissant muscle brachial<\/strong>. Ces structures ant\u00e9rieures dominent le mouvement. Pour l&rsquo;extension, le triceps brachial intervient exclusivement. Il repr\u00e9sente le seul muscle situ\u00e9 dans la loge post\u00e9rieure du bras.<\/p>\n<p>L&rsquo;amplitude s&rsquo;arr\u00eate net lorsque l&rsquo;ol\u00e9crane de l&rsquo;ulna bute dans la fosse ol\u00e9cr\u00e2nienne de l&rsquo;hum\u00e9rus. <strong>Ce contact osseux bloque l&rsquo;extension<\/strong>.<\/p>\n<h3>Le mouvement de prono-supination : la rotation de l&rsquo;avant-bras<\/h3>\n<p>Le coude ne se limite pas \u00e0 plier ; il permet d&rsquo;<strong>orienter la paume<\/strong>. La supination tourne la main vers le haut. \u00c0 l&rsquo;inverse, la pronation dirige la paume vers le bas.<\/p>\n<p>Ce m\u00e9canisme repose sur l&rsquo;articulation radio-ulnaire proximale. Elle fonctionne telle une <strong>articulation de type pivot, ou trocho\u00efde<\/strong>.<\/p>\n<blockquote><p>La combinaison des mouvements de charni\u00e8re et de pivot fait du coude une articulation d&rsquo;une polyvalence m\u00e9canique remarquable, indispensable \u00e0 la dext\u00e9rit\u00e9 de la main.<\/p><\/blockquote>\n<div style=\"overflow:auto;max-width:100%\">\n<table>\n<caption>Synth\u00e8se des mouvements du coude<\/caption>\n<thead>\n<tr>\n<th>Mouvement<\/th>\n<th>Muscles principaux<\/th>\n<th>Nerf moteur principal<\/th>\n<th>Type d&rsquo;articulation impliqu\u00e9e<\/th>\n<\/tr>\n<\/thead>\n<tbody>\n<tr>\n<td>Flexion<\/td>\n<td>Biceps brachial, Brachial<\/td>\n<td>Nerf musculocutan\u00e9<\/td>\n<td>Ginglyme (hum\u00e9ro-ulnaire\/radiale)<\/td>\n<\/tr>\n<tr>\n<td>Extension<\/td>\n<td>Triceps brachial<\/td>\n<td>Nerf radial<\/td>\n<td>Ginglyme (hum\u00e9ro-ulnaire\/radiale)<\/td>\n<\/tr>\n<tr>\n<td>Supination<\/td>\n<td>Biceps brachial, Supinateur<\/td>\n<td>Nerf musculocutan\u00e9, Nerf radial<\/td>\n<td>Trocho\u00efde (radio-ulnaire)<\/td>\n<\/tr>\n<tr>\n<td>Pronation<\/td>\n<td>Rond pronateur, Carr\u00e9 pronateur<\/td>\n<td>Nerf m\u00e9dian<\/td>\n<td>Trocho\u00efde (radio-ulnaire)<\/td>\n<\/tr>\n<\/tbody>\n<\/table>\n<\/div>\n<h2 id=\"les-systemes-de-stabilisation-ligaments-et-capsule\">Les syst\u00e8mes de stabilisation : ligaments et capsule<\/h2>\n<p>Pour permettre des mouvements aussi vari\u00e9s sans se d\u00e9bo\u00eeter, le coude s&rsquo;appuie sur un puissant <strong>r\u00e9seau de stabilisateurs passifs<\/strong>.<\/p>\n<h3>Le complexe ligamentaire, garant de la coh\u00e9sion<\/h3>\n<p>Imaginez des haubans fibreux sous haute tension qui verrouillent la stabilit\u00e9 articulaire. Ces structures rigides <strong>bloquent net les mouvements lat\u00e9raux excessifs<\/strong> en varus ou valgus. C&rsquo;est la seule barri\u00e8re physique contre les contraintes m\u00e9caniques violentes.<\/p>\n<p>Voici les <strong>trois piliers de cette architecture<\/strong>, sans lesquels l&rsquo;articulation perd toute coh\u00e9rence structurelle :<\/p>\n<ul>\n<li><strong>Ligament collat\u00e9ral ulnaire (ou m\u00e9dial)<\/strong> : stabilise la face interne du coude.<\/li>\n<li><strong>Ligament collat\u00e9ral radial (ou lat\u00e9ral)<\/strong> : stabilise la face externe.<\/li>\n<li><strong>Ligament annulaire<\/strong> : maintient la t\u00eate du radius contre l&rsquo;ulna.<\/li>\n<\/ul>\n<p>Le collat\u00e9ral ulnaire encaisse une pression ph\u00e9nom\u00e9nale dans les sports de lancer. C&rsquo;est le <strong>point de rupture fr\u00e9quent<\/strong>, comme le confirment les <a href=\"https:\/\/www.sciencedirect.com\/science\/article\/abs\/pii\/S1877051722002258\">\u00e9tudes sur les instabilit\u00e9s<\/a>. Une fragilit\u00e9 structurelle que beaucoup d&rsquo;athl\u00e8tes ignorent.<\/p>\n<h3>La capsule articulaire et le valgus physiologique<\/h3>\n<p>La capsule articulaire agit comme un manchon fibreux \u00e9tanche. Elle englobe les trois articulations dans un m\u00eame compartiment protecteur. Son r\u00f4le est de <strong>confiner le liquide synovial pour une lubrification permanente<\/strong>.<\/p>\n<p>Vous avez s\u00fbrement remarqu\u00e9 que votre bras n&rsquo;est pas droit ? C&rsquo;est le <strong>valgus physiologique, un angle naturel indispensable<\/strong>. Il permet d&rsquo;\u00e9loigner les objets port\u00e9s loin des hanches. Cette d\u00e9viation na\u00eet de la forme asym\u00e9trique de la trochl\u00e9e hum\u00e9rale.<\/p>\n<p>Ne sous-estimez jamais <strong>l&rsquo;impact d&rsquo;une l\u00e9sion<\/strong> sur ces tissus mous.<\/p>\n<blockquote><p>L&rsquo;instabilit\u00e9 chronique du coude est souvent la cons\u00e9quence directe de l\u00e9sions des complexes ligamentaires, soulignant leur r\u00f4le de premier plan dans la protection articulaire.<\/p><\/blockquote>\n<h2 id=\"les-passages-strategiques-nerfs-vaisseaux-et-zones-cles\">Les passages strat\u00e9giques : nerfs, vaisseaux et zones cl\u00e9s<\/h2>\n<h3>Le trajet des nerfs majeurs et leurs zones de vuln\u00e9rabilit\u00e9<\/h3>\n<p>Le coude laisse passer trois nerfs majeurs : le nerf m\u00e9dian, le nerf ulnaire et le nerf radial. Ces structures pilotent la motricit\u00e9 de l&rsquo;avant-bras. Elles garantissent aussi la sensibilit\u00e9 de la main. Une l\u00e9sion ici <strong>compromet directement la pr\u00e9hension<\/strong>.<\/p>\n<p>Ces nerfs traversent des zones expos\u00e9es. Le nerf ulnaire se loge dans la goutti\u00e8re \u00e9pitrochl\u00e9o-ol\u00e9cr\u00e2nienne, souvent appel\u00e9e \u00ab\u00a0petit juif\u00a0\u00bb. Le nerf radial contourne la t\u00eate radiale. Cette position superficielle cr\u00e9e une <strong>vuln\u00e9rabilit\u00e9 imm\u00e9diate aux compressions<\/strong>.<\/p>\n<p>L&rsquo;\u00e9tude pr\u00e9cise de ce <a href=\"https:\/\/stm.cairn.info\/toute-l-anatomie-humaine-par-le-dessin--9782807340268-page-302\">complexe articulaire<\/a> <strong>r\u00e9v\u00e8le ces risques<\/strong>. L&rsquo;anatomie explique ces fragilit\u00e9s nerveuses.<\/p>\n<h3>La fosse cubitale : un carrefour anatomique<\/h3>\n<p>La fosse cubitale dessine une <strong>zone triangulaire creuse<\/strong>. Elle se situe directement \u00e0 l&rsquo;avant du coude. C&rsquo;est un point de passage anatomique majeur.<\/p>\n<p>Son *importance clinique est absolue* pour les soins. On y r\u00e9alise les pr\u00e9l\u00e8vements sanguins sur la veine m\u00e9diane. L&rsquo;art\u00e8re brachiale y circule en profondeur. Le nerf m\u00e9dian traverse aussi cet espace critique.<\/p>\n<p>Voici l&rsquo;organisation interne de la fosse, de lat\u00e9ral \u00e0 m\u00e9dial. <strong>Retenez cet ordre pr\u00e9cis<\/strong> :<\/p>\n<ul>\n<li><strong>Tendon du biceps brachial<\/strong><\/li>\n<li><strong>Art\u00e8re brachiale<\/strong><\/li>\n<li><strong>Nerf m\u00e9dian<\/strong><\/li>\n<\/ul>\n<p>L&rsquo;articulation du coude constitue un <strong>complexe anatomique charni\u00e8re<\/strong> aux os de l&rsquo;avant-bras. Sa structure osseuse et ligamentaire assure une <strong>double fonction m\u00e9canique<\/strong> : la flexion-extension et la prono-supination. Cette polyvalence s&rsquo;accompagne toutefois d&rsquo;une <strong>vuln\u00e9rabilit\u00e9 sp\u00e9cifique aux traumatismes et compressions nerveuses<\/strong>, n\u00e9cessitant une connaissance pr\u00e9cise de ses zones strat\u00e9giques.<\/p>\n<h2>FAQ<\/h2>\n<h3>Quels sont les principaux rep\u00e8res anatomiques du coude ?<\/h3>\n<p>L&rsquo;architecture du coude s&rsquo;organise autour de la <strong>jonction de trois os<\/strong> : l&rsquo;hum\u00e9rus, le radius et l&rsquo;ulna. Les rep\u00e8res osseux palpables essentiels comprennent les \u00e9picondyles m\u00e9dial et lat\u00e9ral, situ\u00e9s de part et d&rsquo;autre de l&rsquo;extr\u00e9mit\u00e9 distale de l&rsquo;hum\u00e9rus, ainsi que l&rsquo;ol\u00e9crane, qui forme la saillie post\u00e9rieure de l&rsquo;ulna.<\/p>\n<p>Ces structures anatomiques jouent un r\u00f4le m\u00e9canique fondamental en servant de points d&rsquo;ancrage aux ligaments collat\u00e9raux et aux tendons musculaires. L&rsquo;alignement de ces rep\u00e8res permet notamment de <strong>d\u00e9finir le valgus physiologique<\/strong> lorsque le bras est en extension compl\u00e8te.<\/p>\n<h3>\u00c0 quoi correspond anatomiquement le creux du coude ?<\/h3>\n<p>Le creux du coude, d\u00e9sign\u00e9 en anatomie sous le terme de fosse cubitale, est une d\u00e9pression triangulaire situ\u00e9e sur la face ant\u00e9rieure de l&rsquo;articulation. Cette zone constitue un <strong>carrefour strat\u00e9gique pour le passage de structures profondes vitales<\/strong>, notamment le tendon du biceps brachial, l&rsquo;art\u00e8re brachiale et le nerf m\u00e9dian.<\/p>\n<p>D\u00e9limit\u00e9e par les masses musculaires de l&rsquo;avant-bras, la fosse cubitale est \u00e9galement travers\u00e9e superficiellement par la veine m\u00e9diane du coude. Sa configuration anatomique <strong>permet de prot\u00e9ger les \u00e9l\u00e9ments vasculo-nerveux<\/strong> lors des mouvements de flexion de l&rsquo;articulation.<\/p>\n<h3>Qu&rsquo;est-ce que la synovite du coude sur le plan structurel ?<\/h3>\n<p>La synovite d\u00e9signe l&rsquo;<strong>inflammation de la membrane synoviale<\/strong>, le tissu qui tapisse la face interne de la capsule articulaire. Le coude \u00e9tant un complexe articulaire synovial, cette membrane a pour fonction physiologique de s\u00e9cr\u00e9ter le liquide synovial n\u00e9cessaire \u00e0 la lubrification des surfaces cartilagineuses de l&rsquo;hum\u00e9rus, du radius et de l&rsquo;ulna.<\/p>\n<p>Sur le plan anatomique, cette affection souligne l&rsquo;importance de la capsule articulaire comme enceinte de confinement. L&rsquo;exc\u00e8s de liquide produit lors de l&rsquo;inflammation augmente la pression intra-articulaire, <strong>limitant ainsi les capacit\u00e9s de mouvement<\/strong> des articulations hum\u00e9ro-ulnaire et hum\u00e9ro-radiale.<\/p>\n","protected":false},"excerpt":{"rendered":"<p>L&rsquo;essentiel \u00e0 retenir : ce complexe articulaire synovial unit l&rsquo;hum\u00e9rus, le radius et l&rsquo;ulna via trois articulations distinctes log\u00e9es dans une m\u00eame capsule. Cette architecture hybride, associant charni\u00e8re et pivot, assure la flexion et la rotation de l&rsquo;avant-bras. Cette double fonctionnalit\u00e9 s&rsquo;av\u00e8re indispensable pour orienter la main et garantir la pr\u00e9cision du membre sup\u00e9rieur. Identifier &#8230; <a title=\"Anatomie du coude : structure, os et biom\u00e9canique\" class=\"read-more\" href=\"https:\/\/curo.fr\/it\/anatomie-articulation-coude\/\" aria-label=\"Per saperne di pi\u00f9 su Anatomie du coude : structure, os et biom\u00e9canique\">Leggi tutto<\/a><\/p>","protected":false},"author":2,"featured_media":2874,"comment_status":"open","ping_status":"","sticky":false,"template":"","format":"standard","meta":{"footnotes":""},"categories":[1],"tags":[],"class_list":["post-2873","post","type-post","status-publish","format-standard","has-post-thumbnail","hentry","category-uncategorized"],"yoast_head":"<!-- This site is optimized with the Yoast SEO plugin v27.3 - https:\/\/yoast.com\/product\/yoast-seo-wordpress\/ -->\n<title>Anatomie du coude : structure, os et biom\u00e9canique - Curo<\/title>\n<meta name=\"robots\" content=\"index, follow, max-snippet:-1, max-image-preview:large, max-video-preview:-1\" \/>\n<link rel=\"canonical\" href=\"https:\/\/curo.fr\/it\/anatomie-articulation-coude\/\" \/>\n<meta property=\"og:locale\" content=\"it_IT\" \/>\n<meta property=\"og:type\" content=\"article\" \/>\n<meta property=\"og:title\" content=\"Anatomie du coude : structure, os et biom\u00e9canique - Curo\" \/>\n<meta property=\"og:description\" content=\"L&rsquo;essentiel \u00e0 retenir : ce complexe articulaire synovial unit l&rsquo;hum\u00e9rus, le radius et l&rsquo;ulna via trois articulations distinctes log\u00e9es dans une m\u00eame capsule. Cette architecture hybride, associant charni\u00e8re et pivot, assure la flexion et la rotation de l&rsquo;avant-bras. Cette double fonctionnalit\u00e9 s&rsquo;av\u00e8re indispensable pour orienter la main et garantir la pr\u00e9cision du membre sup\u00e9rieur. Identifier ... Leggi tutto\" \/>\n<meta property=\"og:url\" content=\"https:\/\/curo.fr\/it\/anatomie-articulation-coude\/\" \/>\n<meta property=\"og:site_name\" content=\"Curo\" \/>\n<meta property=\"article:published_time\" content=\"2025-11-25T22:53:51+00:00\" \/>\n<meta property=\"article:modified_time\" content=\"2025-11-25T23:19:46+00:00\" \/>\n<meta name=\"author\" content=\"Damien\" \/>\n<meta name=\"twitter:card\" content=\"summary_large_image\" \/>\n<meta name=\"twitter:label1\" content=\"Scritto da\" \/>\n\t<meta name=\"twitter:data1\" content=\"Damien\" \/>\n\t<meta name=\"twitter:label2\" content=\"Tempo di lettura stimato\" \/>\n\t<meta name=\"twitter:data2\" content=\"8 minuti\" \/>\n<script type=\"application\/ld+json\" class=\"yoast-schema-graph\">{\"@context\":\"https:\\\/\\\/schema.org\",\"@graph\":[{\"@type\":\"Article\",\"@id\":\"https:\\\/\\\/curo.fr\\\/anatomie-articulation-coude\\\/#article\",\"isPartOf\":{\"@id\":\"https:\\\/\\\/curo.fr\\\/anatomie-articulation-coude\\\/\"},\"author\":{\"name\":\"Damien\",\"@id\":\"https:\\\/\\\/curo.fr\\\/#\\\/schema\\\/person\\\/a73e8b1000e7b99c3f7c5eb9fa1151e0\"},\"headline\":\"Anatomie du coude : structure, os et biom\u00e9canique\",\"datePublished\":\"2025-11-25T22:53:51+00:00\",\"dateModified\":\"2025-11-25T23:19:46+00:00\",\"mainEntityOfPage\":{\"@id\":\"https:\\\/\\\/curo.fr\\\/anatomie-articulation-coude\\\/\"},\"wordCount\":1698,\"commentCount\":0,\"publisher\":{\"@id\":\"https:\\\/\\\/curo.fr\\\/#organization\"},\"image\":{\"@id\":\"https:\\\/\\\/curo.fr\\\/anatomie-articulation-coude\\\/#primaryimage\"},\"thumbnailUrl\":\"https:\\\/\\\/curo.fr\\\/wp-content\\\/uploads\\\/2025\\\/11\\\/detailed-3d-human-elbow-joint-anatomy.jpg\",\"articleSection\":[\"Uncategorized\"],\"inLanguage\":\"it-IT\",\"potentialAction\":[{\"@type\":\"CommentAction\",\"name\":\"Comment\",\"target\":[\"https:\\\/\\\/curo.fr\\\/anatomie-articulation-coude\\\/#respond\"]}]},{\"@type\":\"WebPage\",\"@id\":\"https:\\\/\\\/curo.fr\\\/anatomie-articulation-coude\\\/\",\"url\":\"https:\\\/\\\/curo.fr\\\/anatomie-articulation-coude\\\/\",\"name\":\"Anatomie du coude : structure, os et biom\u00e9canique - Curo\",\"isPartOf\":{\"@id\":\"https:\\\/\\\/curo.fr\\\/#website\"},\"primaryImageOfPage\":{\"@id\":\"https:\\\/\\\/curo.fr\\\/anatomie-articulation-coude\\\/#primaryimage\"},\"image\":{\"@id\":\"https:\\\/\\\/curo.fr\\\/anatomie-articulation-coude\\\/#primaryimage\"},\"thumbnailUrl\":\"https:\\\/\\\/curo.fr\\\/wp-content\\\/uploads\\\/2025\\\/11\\\/detailed-3d-human-elbow-joint-anatomy.jpg\",\"datePublished\":\"2025-11-25T22:53:51+00:00\",\"dateModified\":\"2025-11-25T23:19:46+00:00\",\"breadcrumb\":{\"@id\":\"https:\\\/\\\/curo.fr\\\/anatomie-articulation-coude\\\/#breadcrumb\"},\"inLanguage\":\"it-IT\",\"potentialAction\":[{\"@type\":\"ReadAction\",\"target\":[\"https:\\\/\\\/curo.fr\\\/anatomie-articulation-coude\\\/\"]}]},{\"@type\":\"ImageObject\",\"inLanguage\":\"it-IT\",\"@id\":\"https:\\\/\\\/curo.fr\\\/anatomie-articulation-coude\\\/#primaryimage\",\"url\":\"https:\\\/\\\/curo.fr\\\/wp-content\\\/uploads\\\/2025\\\/11\\\/detailed-3d-human-elbow-joint-anatomy.jpg\",\"contentUrl\":\"https:\\\/\\\/curo.fr\\\/wp-content\\\/uploads\\\/2025\\\/11\\\/detailed-3d-human-elbow-joint-anatomy.jpg\",\"width\":1600,\"height\":893},{\"@type\":\"BreadcrumbList\",\"@id\":\"https:\\\/\\\/curo.fr\\\/anatomie-articulation-coude\\\/#breadcrumb\",\"itemListElement\":[{\"@type\":\"ListItem\",\"position\":1,\"name\":\"Home\",\"item\":\"https:\\\/\\\/curo.fr\\\/\"},{\"@type\":\"ListItem\",\"position\":2,\"name\":\"Anatomie du coude : structure, os et biom\u00e9canique\"}]},{\"@type\":\"WebSite\",\"@id\":\"https:\\\/\\\/curo.fr\\\/#website\",\"url\":\"https:\\\/\\\/curo.fr\\\/\",\"name\":\"Curo\",\"description\":\"\",\"publisher\":{\"@id\":\"https:\\\/\\\/curo.fr\\\/#organization\"},\"potentialAction\":[{\"@type\":\"SearchAction\",\"target\":{\"@type\":\"EntryPoint\",\"urlTemplate\":\"https:\\\/\\\/curo.fr\\\/?s={search_term_string}\"},\"query-input\":{\"@type\":\"PropertyValueSpecification\",\"valueRequired\":true,\"valueName\":\"search_term_string\"}}],\"inLanguage\":\"it-IT\"},{\"@type\":\"Organization\",\"@id\":\"https:\\\/\\\/curo.fr\\\/#organization\",\"name\":\"Curo\",\"url\":\"https:\\\/\\\/curo.fr\\\/\",\"logo\":{\"@type\":\"ImageObject\",\"inLanguage\":\"it-IT\",\"@id\":\"https:\\\/\\\/curo.fr\\\/#\\\/schema\\\/logo\\\/image\\\/\",\"url\":\"https:\\\/\\\/curo.fr\\\/wp-content\\\/uploads\\\/2024\\\/10\\\/logo.png\",\"contentUrl\":\"https:\\\/\\\/curo.fr\\\/wp-content\\\/uploads\\\/2024\\\/10\\\/logo.png\",\"width\":390,\"height\":390,\"caption\":\"Curo\"},\"image\":{\"@id\":\"https:\\\/\\\/curo.fr\\\/#\\\/schema\\\/logo\\\/image\\\/\"}},{\"@type\":\"Person\",\"@id\":\"https:\\\/\\\/curo.fr\\\/#\\\/schema\\\/person\\\/a73e8b1000e7b99c3f7c5eb9fa1151e0\",\"name\":\"Damien\",\"image\":{\"@type\":\"ImageObject\",\"inLanguage\":\"it-IT\",\"@id\":\"https:\\\/\\\/secure.gravatar.com\\\/avatar\\\/ce38768ebaf5d044c623efd7ff10a6ad2e1bf4f59b1039f5295b8e35e82bb447?s=96&d=mm&r=g\",\"url\":\"https:\\\/\\\/secure.gravatar.com\\\/avatar\\\/ce38768ebaf5d044c623efd7ff10a6ad2e1bf4f59b1039f5295b8e35e82bb447?s=96&d=mm&r=g\",\"contentUrl\":\"https:\\\/\\\/secure.gravatar.com\\\/avatar\\\/ce38768ebaf5d044c623efd7ff10a6ad2e1bf4f59b1039f5295b8e35e82bb447?s=96&d=mm&r=g\",\"caption\":\"Damien\"},\"url\":\"https:\\\/\\\/curo.fr\\\/it\\\/author\\\/damien\\\/\"}]}<\/script>\n<!-- \/ Yoast SEO plugin. -->","yoast_head_json":{"title":"Anatomie du coude : structure, os et biom\u00e9canique - Curo","robots":{"index":"index","follow":"follow","max-snippet":"max-snippet:-1","max-image-preview":"max-image-preview:large","max-video-preview":"max-video-preview:-1"},"canonical":"https:\/\/curo.fr\/it\/anatomie-articulation-coude\/","og_locale":"it_IT","og_type":"article","og_title":"Anatomie du coude : structure, os et biom\u00e9canique - Curo","og_description":"L&rsquo;essentiel \u00e0 retenir : ce complexe articulaire synovial unit l&rsquo;hum\u00e9rus, le radius et l&rsquo;ulna via trois articulations distinctes log\u00e9es dans une m\u00eame capsule. Cette architecture hybride, associant charni\u00e8re et pivot, assure la flexion et la rotation de l&rsquo;avant-bras. Cette double fonctionnalit\u00e9 s&rsquo;av\u00e8re indispensable pour orienter la main et garantir la pr\u00e9cision du membre sup\u00e9rieur. Identifier ... Leggi tutto","og_url":"https:\/\/curo.fr\/it\/anatomie-articulation-coude\/","og_site_name":"Curo","article_published_time":"2025-11-25T22:53:51+00:00","article_modified_time":"2025-11-25T23:19:46+00:00","author":"Damien","twitter_card":"summary_large_image","twitter_misc":{"Scritto da":"Damien","Tempo di lettura stimato":"8 minuti"},"schema":{"@context":"https:\/\/schema.org","@graph":[{"@type":"Article","@id":"https:\/\/curo.fr\/anatomie-articulation-coude\/#article","isPartOf":{"@id":"https:\/\/curo.fr\/anatomie-articulation-coude\/"},"author":{"name":"Damien","@id":"https:\/\/curo.fr\/#\/schema\/person\/a73e8b1000e7b99c3f7c5eb9fa1151e0"},"headline":"Anatomie du coude : structure, os et biom\u00e9canique","datePublished":"2025-11-25T22:53:51+00:00","dateModified":"2025-11-25T23:19:46+00:00","mainEntityOfPage":{"@id":"https:\/\/curo.fr\/anatomie-articulation-coude\/"},"wordCount":1698,"commentCount":0,"publisher":{"@id":"https:\/\/curo.fr\/#organization"},"image":{"@id":"https:\/\/curo.fr\/anatomie-articulation-coude\/#primaryimage"},"thumbnailUrl":"https:\/\/curo.fr\/wp-content\/uploads\/2025\/11\/detailed-3d-human-elbow-joint-anatomy.jpg","articleSection":["Uncategorized"],"inLanguage":"it-IT","potentialAction":[{"@type":"CommentAction","name":"Comment","target":["https:\/\/curo.fr\/anatomie-articulation-coude\/#respond"]}]},{"@type":"WebPage","@id":"https:\/\/curo.fr\/anatomie-articulation-coude\/","url":"https:\/\/curo.fr\/anatomie-articulation-coude\/","name":"Anatomie du coude : structure, os et biom\u00e9canique - Curo","isPartOf":{"@id":"https:\/\/curo.fr\/#website"},"primaryImageOfPage":{"@id":"https:\/\/curo.fr\/anatomie-articulation-coude\/#primaryimage"},"image":{"@id":"https:\/\/curo.fr\/anatomie-articulation-coude\/#primaryimage"},"thumbnailUrl":"https:\/\/curo.fr\/wp-content\/uploads\/2025\/11\/detailed-3d-human-elbow-joint-anatomy.jpg","datePublished":"2025-11-25T22:53:51+00:00","dateModified":"2025-11-25T23:19:46+00:00","breadcrumb":{"@id":"https:\/\/curo.fr\/anatomie-articulation-coude\/#breadcrumb"},"inLanguage":"it-IT","potentialAction":[{"@type":"ReadAction","target":["https:\/\/curo.fr\/anatomie-articulation-coude\/"]}]},{"@type":"ImageObject","inLanguage":"it-IT","@id":"https:\/\/curo.fr\/anatomie-articulation-coude\/#primaryimage","url":"https:\/\/curo.fr\/wp-content\/uploads\/2025\/11\/detailed-3d-human-elbow-joint-anatomy.jpg","contentUrl":"https:\/\/curo.fr\/wp-content\/uploads\/2025\/11\/detailed-3d-human-elbow-joint-anatomy.jpg","width":1600,"height":893},{"@type":"BreadcrumbList","@id":"https:\/\/curo.fr\/anatomie-articulation-coude\/#breadcrumb","itemListElement":[{"@type":"ListItem","position":1,"name":"Home","item":"https:\/\/curo.fr\/"},{"@type":"ListItem","position":2,"name":"Anatomie du coude : structure, os et biom\u00e9canique"}]},{"@type":"WebSite","@id":"https:\/\/curo.fr\/#website","url":"https:\/\/curo.fr\/","name":"Curo","description":"","publisher":{"@id":"https:\/\/curo.fr\/#organization"},"potentialAction":[{"@type":"SearchAction","target":{"@type":"EntryPoint","urlTemplate":"https:\/\/curo.fr\/?s={search_term_string}"},"query-input":{"@type":"PropertyValueSpecification","valueRequired":true,"valueName":"search_term_string"}}],"inLanguage":"it-IT"},{"@type":"Organization","@id":"https:\/\/curo.fr\/#organization","name":"Curo","url":"https:\/\/curo.fr\/","logo":{"@type":"ImageObject","inLanguage":"it-IT","@id":"https:\/\/curo.fr\/#\/schema\/logo\/image\/","url":"https:\/\/curo.fr\/wp-content\/uploads\/2024\/10\/logo.png","contentUrl":"https:\/\/curo.fr\/wp-content\/uploads\/2024\/10\/logo.png","width":390,"height":390,"caption":"Curo"},"image":{"@id":"https:\/\/curo.fr\/#\/schema\/logo\/image\/"}},{"@type":"Person","@id":"https:\/\/curo.fr\/#\/schema\/person\/a73e8b1000e7b99c3f7c5eb9fa1151e0","name":"Damiano","image":{"@type":"ImageObject","inLanguage":"it-IT","@id":"https:\/\/secure.gravatar.com\/avatar\/ce38768ebaf5d044c623efd7ff10a6ad2e1bf4f59b1039f5295b8e35e82bb447?s=96&d=mm&r=g","url":"https:\/\/secure.gravatar.com\/avatar\/ce38768ebaf5d044c623efd7ff10a6ad2e1bf4f59b1039f5295b8e35e82bb447?s=96&d=mm&r=g","contentUrl":"https:\/\/secure.gravatar.com\/avatar\/ce38768ebaf5d044c623efd7ff10a6ad2e1bf4f59b1039f5295b8e35e82bb447?s=96&d=mm&r=g","caption":"Damien"},"url":"https:\/\/curo.fr\/it\/author\/damien\/"}]}},"_links":{"self":[{"href":"https:\/\/curo.fr\/it\/wp-json\/wp\/v2\/posts\/2873","targetHints":{"allow":["GET"]}}],"collection":[{"href":"https:\/\/curo.fr\/it\/wp-json\/wp\/v2\/posts"}],"about":[{"href":"https:\/\/curo.fr\/it\/wp-json\/wp\/v2\/types\/post"}],"author":[{"embeddable":true,"href":"https:\/\/curo.fr\/it\/wp-json\/wp\/v2\/users\/2"}],"replies":[{"embeddable":true,"href":"https:\/\/curo.fr\/it\/wp-json\/wp\/v2\/comments?post=2873"}],"version-history":[{"count":1,"href":"https:\/\/curo.fr\/it\/wp-json\/wp\/v2\/posts\/2873\/revisions"}],"predecessor-version":[{"id":2875,"href":"https:\/\/curo.fr\/it\/wp-json\/wp\/v2\/posts\/2873\/revisions\/2875"}],"wp:featuredmedia":[{"embeddable":true,"href":"https:\/\/curo.fr\/it\/wp-json\/wp\/v2\/media\/2874"}],"wp:attachment":[{"href":"https:\/\/curo.fr\/it\/wp-json\/wp\/v2\/media?parent=2873"}],"wp:term":[{"taxonomy":"category","embeddable":true,"href":"https:\/\/curo.fr\/it\/wp-json\/wp\/v2\/categories?post=2873"},{"taxonomy":"post_tag","embeddable":true,"href":"https:\/\/curo.fr\/it\/wp-json\/wp\/v2\/tags?post=2873"}],"curies":[{"name":"wp","href":"https:\/\/api.w.org\/{rel}","templated":true}]}}