{"id":2488,"date":"2025-04-11T13:55:40","date_gmt":"2025-04-11T13:55:40","guid":{"rendered":"https:\/\/curo.fr\/?p=2488"},"modified":"2025-04-11T13:55:40","modified_gmt":"2025-04-11T13:55:40","slug":"comment-ameliorer-le-bien-etre-de-ses-collaborateurs","status":"publish","type":"post","link":"https:\/\/curo.fr\/it\/comment-ameliorer-le-bien-etre-de-ses-collaborateurs\/","title":{"rendered":"Comment am\u00e9liorer le bien-\u00eatre de ses collaborateurs ?"},"content":{"rendered":"<p>Dans un monde professionnel en pleine transformation, la question du bien-\u00eatre au travail est devenue centrale. Entre pression des r\u00e9sultats, stress, fatigue et douleurs li\u00e9es \u00e0 la posture, les salari\u00e9s sont soumis \u00e0 de nombreuses contraintes physiques et mentales. Heureusement, des leviers existent pour am\u00e9liorer leur quotidien. Parmi eux, les <strong>formations en entreprise<\/strong> ont un impact direct et durable.<\/p>\n\n\n\n<h2 class=\"wp-block-heading\">Mieux comprendre les enjeux du bien-\u00eatre<\/h2>\n\n\n\n<p>Un collaborateur en bonne sant\u00e9, c\u2019est un salari\u00e9 plus motiv\u00e9, plus performant et plus engag\u00e9. Et ce n\u2019est pas qu\u2019une th\u00e9orie : les \u00e9tudes montrent qu\u2019un environnement de travail sain am\u00e9liore la productivit\u00e9, r\u00e9duit l\u2019absent\u00e9isme et diminue le turn-over.<\/p>\n\n\n\n<p>Le bien-\u00eatre des collaborateurs ne se limite pas \u00e0 des \u00e9quipements confortables ou \u00e0 une bonne ambiance. Il s\u2019agit aussi d\u2019agir concr\u00e8tement sur la pr\u00e9vention des risques li\u00e9s au poste de travail, et notamment sur les postures et les gestes du quotidien.<\/p>\n\n\n\n<h2 class=\"wp-block-heading\">La s\u00e9dentarit\u00e9, un mal silencieux mais omnipr\u00e9sent<\/h2>\n\n\n\n<p>Aujourd\u2019hui, beaucoup de professionnels passent de longues heures assis ou debout sans bouger. Cette s\u00e9dentarit\u00e9 prolong\u00e9e entra\u00eene des douleurs musculaires, des troubles musculosquelettiques (TMS), et \u00e0 terme des arr\u00eats de travail.<\/p>\n\n\n\n<p>Que l\u2019on travaille en entrep\u00f4t, dans un bureau ou en milieu hospitalier, chaque m\u00e9tier pr\u00e9sente des contraintes physiques sp\u00e9cifiques. Il est donc essentiel de sensibiliser les \u00e9quipes \u00e0 l\u2019importance de se mouvoir correctement.<\/p>\n\n\n\n<h2 class=\"wp-block-heading\">La formation gestes et postures, une r\u00e9ponse efficace<\/h2>\n\n\n\n<p>Face \u00e0 ces risques, une solution simple et tr\u00e8s efficace existe : la <strong>formation gestes et postures<\/strong>. Elle permet aux salari\u00e9s de comprendre comment utiliser leur corps de fa\u00e7on optimale, quel que soit leur m\u00e9tier.<\/p>\n\n\n\n<p>Cette formation apprend par exemple \u00e0 porter une charge sans danger, \u00e0 adopter une bonne posture face \u00e0 un \u00e9cran, ou encore \u00e0 soulager les tensions musculaires accumul\u00e9es dans la journ\u00e9e.<\/p>\n\n\n\n<p>\ud83d\udc49 Pour d\u00e9couvrir un programme complet, accessible partout en France, je vous invite \u00e0 consulter <a href=\"https:\/\/www.neo-forma.fr\/formations-en-presentiel\/gestes-et-postures\/\" rel=\"noreferrer noopener\" target=\"_blank\">la formation gestes et postures de Neo Forma<\/a>. Leur approche m\u00eale p\u00e9dagogie, mise en situation r\u00e9elle et conseils personnalis\u00e9s.<\/p>\n\n\n\n<h2 class=\"wp-block-heading\">Un b\u00e9n\u00e9fice imm\u00e9diat pour l\u2019entreprise<\/h2>\n\n\n\n<p>Mettre en place une telle formation en entreprise, c\u2019est agir pour la sant\u00e9 de ses collaborateurs, mais aussi r\u00e9pondre \u00e0 ses obligations en mati\u00e8re de pr\u00e9vention. C\u2019est un investissement \u00e0 court et long terme : on r\u00e9duit les absences, on \u00e9vite les accidents et on am\u00e9liore l\u2019image employeur.<\/p>\n\n\n\n<p>Les salari\u00e9s, eux, se sentent \u00e9cout\u00e9s et valoris\u00e9s. Ils comprennent que leur bien-\u00eatre est une priorit\u00e9, ce qui renforce naturellement leur engagement.<\/p>\n\n\n\n<h2 class=\"wp-block-heading\">Une approche adapt\u00e9e \u00e0 chaque secteur<\/h2>\n\n\n\n<p>Ce qui rend la formation gestes et postures particuli\u00e8rement pertinente, c\u2019est sa capacit\u00e9 d\u2019adaptation. En logistique, elle se concentre sur le port de charges ; en milieu administratif, sur l\u2019ergonomie de bureau ; dans la sant\u00e9, sur les gestes de manipulation des patients.<\/p>\n\n\n\n<p>Chaque session est construite en fonction des besoins concrets des \u00e9quipes, pour garantir une efficacit\u00e9 maximale.<\/p>\n\n\n\n<h2 class=\"wp-block-heading\">Le r\u00f4le moteur des managers<\/h2>\n\n\n\n<p>Les managers ont un r\u00f4le essentiel dans la r\u00e9ussite de cette d\u00e9marche. En \u00e9tant form\u00e9s eux aussi, ils peuvent mieux accompagner leurs \u00e9quipes, rappeler les bons gestes au quotidien, et ancrer durablement les bonnes pratiques.<\/p>\n\n\n\n<p>Leur implication donne du poids \u00e0 la formation, et montre que la pr\u00e9vention est un sujet partag\u00e9 \u00e0 tous les niveaux de l\u2019entreprise.<\/p>\n\n\n\n<h2 class=\"wp-block-heading\">Mesurer les effets et faire \u00e9voluer les pratiques<\/h2>\n\n\n\n<p>Apr\u00e8s la formation, il est important de mesurer les effets : am\u00e9lioration du confort, baisse des douleurs, retour d\u2019exp\u00e9rience des salari\u00e9s. Ces donn\u00e9es permettent d\u2019ajuster les outils mis en place, et de continuer \u00e0 progresser.<\/p>\n\n\n\n<p>Le bien-\u00eatre n\u2019est pas fig\u00e9 : il \u00e9volue avec les besoins, les missions, et le rythme de l\u2019entreprise.<\/p>\n\n\n\n<h2 class=\"wp-block-heading\">Conclusion : agir maintenant pour pr\u00e9server demain<\/h2>\n\n\n\n<p>Am\u00e9liorer le bien-\u00eatre des collaborateurs, c\u2019est agir sur la sant\u00e9, la motivation et la performance. Avec une formation gestes et postures adapt\u00e9e, comme celle propos\u00e9e par Neo Forma, les entreprises disposent d\u2019un levier concret pour transformer positivement le quotidien de leurs \u00e9quipes.<\/p>\n\n\n\n<p>Car prendre soin de ses salari\u00e9s, c\u2019est avant tout miser sur l\u2019avenir.<\/p>","protected":false},"excerpt":{"rendered":"<p>Dans un monde professionnel en pleine transformation, la question du bien-\u00eatre au travail est devenue centrale. Entre pression des r\u00e9sultats, stress, fatigue et douleurs li\u00e9es \u00e0 la posture, les salari\u00e9s sont soumis \u00e0 de nombreuses contraintes physiques et mentales. Heureusement, des leviers existent pour am\u00e9liorer leur quotidien. Parmi eux, les formations en entreprise ont un &#8230; <a title=\"Comment am\u00e9liorer le bien-\u00eatre de ses collaborateurs ?\" class=\"read-more\" href=\"https:\/\/curo.fr\/it\/comment-ameliorer-le-bien-etre-de-ses-collaborateurs\/\" aria-label=\"Per saperne di pi\u00f9 su Comment am\u00e9liorer le bien-\u00eatre de ses collaborateurs ?\">Leggi tutto<\/a><\/p>","protected":false},"author":2,"featured_media":2489,"comment_status":"open","ping_status":"closed","sticky":false,"template":"","format":"standard","meta":{"footnotes":""},"categories":[1],"tags":[],"class_list":["post-2488","post","type-post","status-publish","format-standard","has-post-thumbnail","hentry","category-uncategorized"],"yoast_head":"<!-- This site is optimized with the Yoast SEO plugin v27.3 - https:\/\/yoast.com\/product\/yoast-seo-wordpress\/ -->\n<title>Comment am\u00e9liorer le bien-\u00eatre de ses collaborateurs ? - Curo<\/title>\n<meta name=\"robots\" content=\"index, follow, max-snippet:-1, max-image-preview:large, max-video-preview:-1\" \/>\n<link rel=\"canonical\" href=\"https:\/\/curo.fr\/it\/comment-ameliorer-le-bien-etre-de-ses-collaborateurs\/\" \/>\n<meta property=\"og:locale\" content=\"it_IT\" \/>\n<meta property=\"og:type\" content=\"article\" \/>\n<meta property=\"og:title\" content=\"Comment am\u00e9liorer le bien-\u00eatre de ses collaborateurs ? - Curo\" \/>\n<meta property=\"og:description\" content=\"Dans un monde professionnel en pleine transformation, la question du bien-\u00eatre au travail est devenue centrale. Entre pression des r\u00e9sultats, stress, fatigue et douleurs li\u00e9es \u00e0 la posture, les salari\u00e9s sont soumis \u00e0 de nombreuses contraintes physiques et mentales. Heureusement, des leviers existent pour am\u00e9liorer leur quotidien. Parmi eux, les formations en entreprise ont un ... Leggi tutto\" \/>\n<meta property=\"og:url\" content=\"https:\/\/curo.fr\/it\/comment-ameliorer-le-bien-etre-de-ses-collaborateurs\/\" \/>\n<meta property=\"og:site_name\" content=\"Curo\" \/>\n<meta property=\"article:published_time\" content=\"2025-04-11T13:55:40+00:00\" \/>\n<meta property=\"og:image\" content=\"https:\/\/curo.fr\/wp-content\/uploads\/2025\/04\/67f6e5ce33dec372466852.jpg\" \/>\n\t<meta property=\"og:image:width\" content=\"950\" \/>\n\t<meta property=\"og:image:height\" content=\"634\" \/>\n\t<meta property=\"og:image:type\" content=\"image\/jpeg\" \/>\n<meta name=\"author\" content=\"Damien\" \/>\n<meta name=\"twitter:card\" content=\"summary_large_image\" \/>\n<meta name=\"twitter:label1\" content=\"Scritto da\" \/>\n\t<meta name=\"twitter:data1\" content=\"Damien\" \/>\n\t<meta name=\"twitter:label2\" content=\"Tempo di lettura stimato\" \/>\n\t<meta name=\"twitter:data2\" content=\"4 minuti\" \/>\n<script type=\"application\/ld+json\" class=\"yoast-schema-graph\">{\"@context\":\"https:\\\/\\\/schema.org\",\"@graph\":[{\"@type\":\"Article\",\"@id\":\"https:\\\/\\\/curo.fr\\\/comment-ameliorer-le-bien-etre-de-ses-collaborateurs\\\/#article\",\"isPartOf\":{\"@id\":\"https:\\\/\\\/curo.fr\\\/comment-ameliorer-le-bien-etre-de-ses-collaborateurs\\\/\"},\"author\":{\"name\":\"Damien\",\"@id\":\"https:\\\/\\\/curo.fr\\\/#\\\/schema\\\/person\\\/a73e8b1000e7b99c3f7c5eb9fa1151e0\"},\"headline\":\"Comment am\u00e9liorer le bien-\u00eatre de ses collaborateurs ?\",\"datePublished\":\"2025-04-11T13:55:40+00:00\",\"mainEntityOfPage\":{\"@id\":\"https:\\\/\\\/curo.fr\\\/comment-ameliorer-le-bien-etre-de-ses-collaborateurs\\\/\"},\"wordCount\":726,\"commentCount\":0,\"publisher\":{\"@id\":\"https:\\\/\\\/curo.fr\\\/#organization\"},\"image\":{\"@id\":\"https:\\\/\\\/curo.fr\\\/comment-ameliorer-le-bien-etre-de-ses-collaborateurs\\\/#primaryimage\"},\"thumbnailUrl\":\"https:\\\/\\\/curo.fr\\\/wp-content\\\/uploads\\\/2025\\\/04\\\/67f6e5ce33dec372466852.jpg\",\"articleSection\":[\"Uncategorized\"],\"inLanguage\":\"it-IT\",\"potentialAction\":[{\"@type\":\"CommentAction\",\"name\":\"Comment\",\"target\":[\"https:\\\/\\\/curo.fr\\\/comment-ameliorer-le-bien-etre-de-ses-collaborateurs\\\/#respond\"]}]},{\"@type\":\"WebPage\",\"@id\":\"https:\\\/\\\/curo.fr\\\/comment-ameliorer-le-bien-etre-de-ses-collaborateurs\\\/\",\"url\":\"https:\\\/\\\/curo.fr\\\/comment-ameliorer-le-bien-etre-de-ses-collaborateurs\\\/\",\"name\":\"Comment am\u00e9liorer le bien-\u00eatre de ses collaborateurs ? - Curo\",\"isPartOf\":{\"@id\":\"https:\\\/\\\/curo.fr\\\/#website\"},\"primaryImageOfPage\":{\"@id\":\"https:\\\/\\\/curo.fr\\\/comment-ameliorer-le-bien-etre-de-ses-collaborateurs\\\/#primaryimage\"},\"image\":{\"@id\":\"https:\\\/\\\/curo.fr\\\/comment-ameliorer-le-bien-etre-de-ses-collaborateurs\\\/#primaryimage\"},\"thumbnailUrl\":\"https:\\\/\\\/curo.fr\\\/wp-content\\\/uploads\\\/2025\\\/04\\\/67f6e5ce33dec372466852.jpg\",\"datePublished\":\"2025-04-11T13:55:40+00:00\",\"breadcrumb\":{\"@id\":\"https:\\\/\\\/curo.fr\\\/comment-ameliorer-le-bien-etre-de-ses-collaborateurs\\\/#breadcrumb\"},\"inLanguage\":\"it-IT\",\"potentialAction\":[{\"@type\":\"ReadAction\",\"target\":[\"https:\\\/\\\/curo.fr\\\/comment-ameliorer-le-bien-etre-de-ses-collaborateurs\\\/\"]}]},{\"@type\":\"ImageObject\",\"inLanguage\":\"it-IT\",\"@id\":\"https:\\\/\\\/curo.fr\\\/comment-ameliorer-le-bien-etre-de-ses-collaborateurs\\\/#primaryimage\",\"url\":\"https:\\\/\\\/curo.fr\\\/wp-content\\\/uploads\\\/2025\\\/04\\\/67f6e5ce33dec372466852.jpg\",\"contentUrl\":\"https:\\\/\\\/curo.fr\\\/wp-content\\\/uploads\\\/2025\\\/04\\\/67f6e5ce33dec372466852.jpg\",\"width\":950,\"height\":634},{\"@type\":\"BreadcrumbList\",\"@id\":\"https:\\\/\\\/curo.fr\\\/comment-ameliorer-le-bien-etre-de-ses-collaborateurs\\\/#breadcrumb\",\"itemListElement\":[{\"@type\":\"ListItem\",\"position\":1,\"name\":\"Home\",\"item\":\"https:\\\/\\\/curo.fr\\\/\"},{\"@type\":\"ListItem\",\"position\":2,\"name\":\"Comment am\u00e9liorer le bien-\u00eatre de ses collaborateurs ?\"}]},{\"@type\":\"WebSite\",\"@id\":\"https:\\\/\\\/curo.fr\\\/#website\",\"url\":\"https:\\\/\\\/curo.fr\\\/\",\"name\":\"Curo\",\"description\":\"\",\"publisher\":{\"@id\":\"https:\\\/\\\/curo.fr\\\/#organization\"},\"potentialAction\":[{\"@type\":\"SearchAction\",\"target\":{\"@type\":\"EntryPoint\",\"urlTemplate\":\"https:\\\/\\\/curo.fr\\\/?s={search_term_string}\"},\"query-input\":{\"@type\":\"PropertyValueSpecification\",\"valueRequired\":true,\"valueName\":\"search_term_string\"}}],\"inLanguage\":\"it-IT\"},{\"@type\":\"Organization\",\"@id\":\"https:\\\/\\\/curo.fr\\\/#organization\",\"name\":\"Curo\",\"url\":\"https:\\\/\\\/curo.fr\\\/\",\"logo\":{\"@type\":\"ImageObject\",\"inLanguage\":\"it-IT\",\"@id\":\"https:\\\/\\\/curo.fr\\\/#\\\/schema\\\/logo\\\/image\\\/\",\"url\":\"https:\\\/\\\/curo.fr\\\/wp-content\\\/uploads\\\/2024\\\/10\\\/logo.png\",\"contentUrl\":\"https:\\\/\\\/curo.fr\\\/wp-content\\\/uploads\\\/2024\\\/10\\\/logo.png\",\"width\":390,\"height\":390,\"caption\":\"Curo\"},\"image\":{\"@id\":\"https:\\\/\\\/curo.fr\\\/#\\\/schema\\\/logo\\\/image\\\/\"}},{\"@type\":\"Person\",\"@id\":\"https:\\\/\\\/curo.fr\\\/#\\\/schema\\\/person\\\/a73e8b1000e7b99c3f7c5eb9fa1151e0\",\"name\":\"Damien\",\"image\":{\"@type\":\"ImageObject\",\"inLanguage\":\"it-IT\",\"@id\":\"https:\\\/\\\/secure.gravatar.com\\\/avatar\\\/ce38768ebaf5d044c623efd7ff10a6ad2e1bf4f59b1039f5295b8e35e82bb447?s=96&d=mm&r=g\",\"url\":\"https:\\\/\\\/secure.gravatar.com\\\/avatar\\\/ce38768ebaf5d044c623efd7ff10a6ad2e1bf4f59b1039f5295b8e35e82bb447?s=96&d=mm&r=g\",\"contentUrl\":\"https:\\\/\\\/secure.gravatar.com\\\/avatar\\\/ce38768ebaf5d044c623efd7ff10a6ad2e1bf4f59b1039f5295b8e35e82bb447?s=96&d=mm&r=g\",\"caption\":\"Damien\"},\"url\":\"https:\\\/\\\/curo.fr\\\/it\\\/author\\\/damien\\\/\"}]}<\/script>\n<!-- \/ Yoast SEO plugin. -->","yoast_head_json":{"title":"Comment am\u00e9liorer le bien-\u00eatre de ses collaborateurs ? - Curo","robots":{"index":"index","follow":"follow","max-snippet":"max-snippet:-1","max-image-preview":"max-image-preview:large","max-video-preview":"max-video-preview:-1"},"canonical":"https:\/\/curo.fr\/it\/comment-ameliorer-le-bien-etre-de-ses-collaborateurs\/","og_locale":"it_IT","og_type":"article","og_title":"Comment am\u00e9liorer le bien-\u00eatre de ses collaborateurs ? - Curo","og_description":"Dans un monde professionnel en pleine transformation, la question du bien-\u00eatre au travail est devenue centrale. Entre pression des r\u00e9sultats, stress, fatigue et douleurs li\u00e9es \u00e0 la posture, les salari\u00e9s sont soumis \u00e0 de nombreuses contraintes physiques et mentales. Heureusement, des leviers existent pour am\u00e9liorer leur quotidien. Parmi eux, les formations en entreprise ont un ... Leggi tutto","og_url":"https:\/\/curo.fr\/it\/comment-ameliorer-le-bien-etre-de-ses-collaborateurs\/","og_site_name":"Curo","article_published_time":"2025-04-11T13:55:40+00:00","og_image":[{"width":950,"height":634,"url":"https:\/\/curo.fr\/wp-content\/uploads\/2025\/04\/67f6e5ce33dec372466852.jpg","type":"image\/jpeg"}],"author":"Damien","twitter_card":"summary_large_image","twitter_misc":{"Scritto da":"Damien","Tempo di lettura stimato":"4 minuti"},"schema":{"@context":"https:\/\/schema.org","@graph":[{"@type":"Article","@id":"https:\/\/curo.fr\/comment-ameliorer-le-bien-etre-de-ses-collaborateurs\/#article","isPartOf":{"@id":"https:\/\/curo.fr\/comment-ameliorer-le-bien-etre-de-ses-collaborateurs\/"},"author":{"name":"Damien","@id":"https:\/\/curo.fr\/#\/schema\/person\/a73e8b1000e7b99c3f7c5eb9fa1151e0"},"headline":"Comment am\u00e9liorer le bien-\u00eatre de ses collaborateurs ?","datePublished":"2025-04-11T13:55:40+00:00","mainEntityOfPage":{"@id":"https:\/\/curo.fr\/comment-ameliorer-le-bien-etre-de-ses-collaborateurs\/"},"wordCount":726,"commentCount":0,"publisher":{"@id":"https:\/\/curo.fr\/#organization"},"image":{"@id":"https:\/\/curo.fr\/comment-ameliorer-le-bien-etre-de-ses-collaborateurs\/#primaryimage"},"thumbnailUrl":"https:\/\/curo.fr\/wp-content\/uploads\/2025\/04\/67f6e5ce33dec372466852.jpg","articleSection":["Uncategorized"],"inLanguage":"it-IT","potentialAction":[{"@type":"CommentAction","name":"Comment","target":["https:\/\/curo.fr\/comment-ameliorer-le-bien-etre-de-ses-collaborateurs\/#respond"]}]},{"@type":"WebPage","@id":"https:\/\/curo.fr\/comment-ameliorer-le-bien-etre-de-ses-collaborateurs\/","url":"https:\/\/curo.fr\/comment-ameliorer-le-bien-etre-de-ses-collaborateurs\/","name":"Comment am\u00e9liorer le bien-\u00eatre de ses collaborateurs ? - Curo","isPartOf":{"@id":"https:\/\/curo.fr\/#website"},"primaryImageOfPage":{"@id":"https:\/\/curo.fr\/comment-ameliorer-le-bien-etre-de-ses-collaborateurs\/#primaryimage"},"image":{"@id":"https:\/\/curo.fr\/comment-ameliorer-le-bien-etre-de-ses-collaborateurs\/#primaryimage"},"thumbnailUrl":"https:\/\/curo.fr\/wp-content\/uploads\/2025\/04\/67f6e5ce33dec372466852.jpg","datePublished":"2025-04-11T13:55:40+00:00","breadcrumb":{"@id":"https:\/\/curo.fr\/comment-ameliorer-le-bien-etre-de-ses-collaborateurs\/#breadcrumb"},"inLanguage":"it-IT","potentialAction":[{"@type":"ReadAction","target":["https:\/\/curo.fr\/comment-ameliorer-le-bien-etre-de-ses-collaborateurs\/"]}]},{"@type":"ImageObject","inLanguage":"it-IT","@id":"https:\/\/curo.fr\/comment-ameliorer-le-bien-etre-de-ses-collaborateurs\/#primaryimage","url":"https:\/\/curo.fr\/wp-content\/uploads\/2025\/04\/67f6e5ce33dec372466852.jpg","contentUrl":"https:\/\/curo.fr\/wp-content\/uploads\/2025\/04\/67f6e5ce33dec372466852.jpg","width":950,"height":634},{"@type":"BreadcrumbList","@id":"https:\/\/curo.fr\/comment-ameliorer-le-bien-etre-de-ses-collaborateurs\/#breadcrumb","itemListElement":[{"@type":"ListItem","position":1,"name":"Home","item":"https:\/\/curo.fr\/"},{"@type":"ListItem","position":2,"name":"Comment am\u00e9liorer le bien-\u00eatre de ses collaborateurs ?"}]},{"@type":"WebSite","@id":"https:\/\/curo.fr\/#website","url":"https:\/\/curo.fr\/","name":"Curo","description":"","publisher":{"@id":"https:\/\/curo.fr\/#organization"},"potentialAction":[{"@type":"SearchAction","target":{"@type":"EntryPoint","urlTemplate":"https:\/\/curo.fr\/?s={search_term_string}"},"query-input":{"@type":"PropertyValueSpecification","valueRequired":true,"valueName":"search_term_string"}}],"inLanguage":"it-IT"},{"@type":"Organization","@id":"https:\/\/curo.fr\/#organization","name":"Curo","url":"https:\/\/curo.fr\/","logo":{"@type":"ImageObject","inLanguage":"it-IT","@id":"https:\/\/curo.fr\/#\/schema\/logo\/image\/","url":"https:\/\/curo.fr\/wp-content\/uploads\/2024\/10\/logo.png","contentUrl":"https:\/\/curo.fr\/wp-content\/uploads\/2024\/10\/logo.png","width":390,"height":390,"caption":"Curo"},"image":{"@id":"https:\/\/curo.fr\/#\/schema\/logo\/image\/"}},{"@type":"Person","@id":"https:\/\/curo.fr\/#\/schema\/person\/a73e8b1000e7b99c3f7c5eb9fa1151e0","name":"Damiano","image":{"@type":"ImageObject","inLanguage":"it-IT","@id":"https:\/\/secure.gravatar.com\/avatar\/ce38768ebaf5d044c623efd7ff10a6ad2e1bf4f59b1039f5295b8e35e82bb447?s=96&d=mm&r=g","url":"https:\/\/secure.gravatar.com\/avatar\/ce38768ebaf5d044c623efd7ff10a6ad2e1bf4f59b1039f5295b8e35e82bb447?s=96&d=mm&r=g","contentUrl":"https:\/\/secure.gravatar.com\/avatar\/ce38768ebaf5d044c623efd7ff10a6ad2e1bf4f59b1039f5295b8e35e82bb447?s=96&d=mm&r=g","caption":"Damien"},"url":"https:\/\/curo.fr\/it\/author\/damien\/"}]}},"_links":{"self":[{"href":"https:\/\/curo.fr\/it\/wp-json\/wp\/v2\/posts\/2488","targetHints":{"allow":["GET"]}}],"collection":[{"href":"https:\/\/curo.fr\/it\/wp-json\/wp\/v2\/posts"}],"about":[{"href":"https:\/\/curo.fr\/it\/wp-json\/wp\/v2\/types\/post"}],"author":[{"embeddable":true,"href":"https:\/\/curo.fr\/it\/wp-json\/wp\/v2\/users\/2"}],"replies":[{"embeddable":true,"href":"https:\/\/curo.fr\/it\/wp-json\/wp\/v2\/comments?post=2488"}],"version-history":[{"count":1,"href":"https:\/\/curo.fr\/it\/wp-json\/wp\/v2\/posts\/2488\/revisions"}],"predecessor-version":[{"id":2490,"href":"https:\/\/curo.fr\/it\/wp-json\/wp\/v2\/posts\/2488\/revisions\/2490"}],"wp:featuredmedia":[{"embeddable":true,"href":"https:\/\/curo.fr\/it\/wp-json\/wp\/v2\/media\/2489"}],"wp:attachment":[{"href":"https:\/\/curo.fr\/it\/wp-json\/wp\/v2\/media?parent=2488"}],"wp:term":[{"taxonomy":"category","embeddable":true,"href":"https:\/\/curo.fr\/it\/wp-json\/wp\/v2\/categories?post=2488"},{"taxonomy":"post_tag","embeddable":true,"href":"https:\/\/curo.fr\/it\/wp-json\/wp\/v2\/tags?post=2488"}],"curies":[{"name":"wp","href":"https:\/\/api.w.org\/{rel}","templated":true}]}}