{"id":2846,"date":"2025-11-25T22:53:51","date_gmt":"2025-11-25T22:53:51","guid":{"rendered":"https:\/\/curo.fr\/anatomie-pied-humain\/"},"modified":"2025-11-25T23:12:20","modified_gmt":"2025-11-25T23:12:20","slug":"anatomie-pied-humain","status":"publish","type":"post","link":"https:\/\/curo.fr\/es\/anatomie-pied-humain\/","title":{"rendered":"Anatomie pied : structure, os et fonctionnement"},"content":{"rendered":"<p style=\"padding: 24px; background: lightblue;\">L&rsquo;essentiel \u00e0 retenir : <strong>v\u00e9ritable chef-d&rsquo;\u0153uvre biom\u00e9canique<\/strong>, le pied combine 28 os et 33 articulations pour assurer la station debout. Cette architecture unique en trois arches permet d&rsquo;<strong>alterner instantan\u00e9ment entre souplesse pour l&rsquo;amortissement et rigidit\u00e9 pour la propulsion<\/strong>. Une m\u00e9canique de pr\u00e9cision indispensable, capable de supporter jusqu&rsquo;\u00e0 douze fois la charge du corps en mouvement.<\/p>\n<p>Identifier l&rsquo;origine des pathologies locomotrices n\u00e9cessite une ma\u00eetrise pr\u00e9cise de l&rsquo;anatomie pied et de ses interactions tissulaires. Ce dossier technique examine l&rsquo;architecture des 28 os, le syst\u00e8me musculaire et la vascularisation assurant l&rsquo;\u00e9quilibre. L&rsquo;\u00e9tude des arches et des articulations \u00e9claire le <strong>r\u00f4le biom\u00e9canique de cet organe de propulsion<\/strong>.<\/p>\n<ol>\n<li><a href=\"#structure-et-organisation-generale-du-pied\">Structure et organisation g\u00e9n\u00e9rale du pied<\/a><\/li>\n<li><a href=\"#le-squelette-du-pied-les-28-os-en-detail\">Le squelette du pied : les 28 os en d\u00e9tail<\/a><\/li>\n<li><a href=\"#articulations-et-muscles-la-mecanique-du-mouvement\">Articulations et muscles : la m\u00e9canique du mouvement<\/a><\/li>\n<li><a href=\"#la-voute-plantaire-un-systeme-damortissement-et-de-propulsion\">La vo\u00fbte plantaire : un syst\u00e8me d&rsquo;amortissement et de propulsion<\/a><\/li>\n<li><a href=\"#vascularisation-et-innervation-le-reseau-vital-du-pied\">Vascularisation et innervation : le r\u00e9seau vital du pied<\/a><\/li>\n<\/ol>\n<h2 id=\"structure-et-organisation-generale-du-pied\">Structure et organisation g\u00e9n\u00e9rale du pied<\/h2>\n<h3>Les trois grandes r\u00e9gions anatomiques<\/h3>\n<p>Le pied constitue l&rsquo;extr\u00e9mit\u00e9 distale du membre inf\u00e9rieur. Il s&rsquo;organise autour de trois zones distinctes : l&rsquo;arri\u00e8re-pied, le m\u00e9dio-pied et l&rsquo;avant-pied. Ensemble, ils <strong>assurent notre posture verticale et la marche<\/strong>.<\/p>\n<p><strong>L&rsquo;arri\u00e8re-pied, le m\u00e9dio-pied et l&rsquo;avant-pied<\/strong> g\u00e8rent la connexion, la torsion et assurent l&rsquo;appui et la propulsion.<\/p>\n<p>Cette architecture spatiale, verticale \u00e0 l&rsquo;arri\u00e8re et \u00e9tal\u00e9e vers l&rsquo;avant, reste fondamentale pour la biom\u00e9canique humaine. Elle <strong>conditionne directement la stabilit\u00e9 de la station debout<\/strong>.<\/p>\n<h3>Les fonctions fondamentales : support, \u00e9quilibre et propulsion<\/h3>\n<p>Le pied assure le <strong>support du poids corporel<\/strong> avec une robustesse surprenante. Il est con\u00e7u pour recevoir et r\u00e9partir la charge totale du corps, en position statique comme en dynamique.<\/p>\n<p>Son r\u00f4le dans l&rsquo;\u00e9quilibre est souvent sous-estim\u00e9. Le pied agit comme un v\u00e9ritable organe sensoriel qui <strong>ajuste la posture en permanence<\/strong> gr\u00e2ce \u00e0 son syst\u00e8me neuro-musculaire sophistiqu\u00e9.<\/p>\n<p>Enfin, il <strong>ma\u00eetrise les fonctions d&rsquo;amortissement et de propulsion<\/strong>. Le pied absorbe les chocs \u00e0 chaque pas, puis se rigidifie pour servir de levier efficace lors de la pouss\u00e9e.<\/p>\n<blockquote><p>Le pied peut multiplier la charge du corps jusqu&rsquo;\u00e0 douze fois sous des conditions dynamiques, bien que pour des dur\u00e9es tr\u00e8s br\u00e8ves et r\u00e9p\u00e9titives, illustrant son incroyable capacit\u00e9 d&rsquo;adaptation.<\/p><\/blockquote>\n<h3>Les diff\u00e9rentes morphologies du pied<\/h3>\n<p>On distingue plusieurs <strong>morphotypes du pied<\/strong>, d\u00e9finis par la longueur relative des orteils. Ces variations anatomiques sont tout \u00e0 fait courantes au sein de la population.<\/p>\n<ul>\n<li><strong>Pied \u00e9gyptien<\/strong> : Le gros orteil (hallux) est le plus long. Concerne environ 50% de la population.<\/li>\n<li><strong>Pied grec<\/strong> : Le deuxi\u00e8me orteil est plus long que le gros orteil. Pr\u00e9sent chez environ 23% des individus.<\/li>\n<li><strong>Pied carr\u00e9<\/strong> (ou romain) : Les trois premiers orteils ont une longueur quasi identique. Concerne 27% de la population.<\/li>\n<\/ul>\n<h2 id=\"le-squelette-du-pied-les-28-os-en-detail\">Le squelette du pied : les 28 os en d\u00e9tail<\/h2>\n<p>Apr\u00e8s avoir vu l&rsquo;organisation g\u00e9n\u00e9rale, il est temps de se pencher sur l&rsquo;armature m\u00eame du pied : <strong>son squelette complexe<\/strong>.<\/p>\n<h3>Le tarse : le socle de l&rsquo;arri\u00e8re-pied et du m\u00e9dio-pied<\/h3>\n<p>Le tarse ne forme pas un bloc monolithique, mais un <strong>groupe de 7 os courts constituant la partie post\u00e9rieure du pied<\/strong>. C&rsquo;est le point de jonction m\u00e9canique avec la jambe.<\/p>\n<p>Observez l&rsquo;arri\u00e8re-pied : vous y trouvez <strong>le talus (ou astragale), qui s&rsquo;articule avec le tibia et la fibula, et le calcan\u00e9um<\/strong>. Ce dernier, l&rsquo;os le plus volumineux, forme la base du talon.<\/p>\n<p>Juste devant, <strong>le m\u00e9dio-pied aligne l&rsquo;os naviculaire, le cubo\u00efde et les trois os cun\u00e9iformes<\/strong> (m\u00e9dial, interm\u00e9diaire, lat\u00e9ral).<\/p>\n<h3>Le m\u00e9tatarse et les phalanges : la structure de l&rsquo;avant-pied<\/h3>\n<p>Passons au m\u00e9tatarse, compos\u00e9 de cinq os longs : les m\u00e9tatarsiens. Num\u00e9rot\u00e9s de I \u00e0 V du gros orteil vers le petit, ils <strong>connectent le tarse aux orteils<\/strong>.<\/p>\n<p>Enfin, les phalanges forment le squelette des orteils. Les orteils II \u00e0 V poss\u00e8dent trois <strong>trois phalanges (proximale, moyenne, distale), tandis que le gros orteil, ou hallux, n&rsquo;en a que deux<\/strong>.<\/p>\n<h3>Tableau r\u00e9capitulatif des os du pied<\/h3>\n<p>Voici un r\u00e9capitulatif clair de la <strong>composition osseuse du pied<\/strong>, incluant les os s\u00e9samo\u00efdes souvent n\u00e9glig\u00e9s.<\/p>\n<div style=\"overflow:auto;max-width:100%\">\n<table>\n<thead>\n<tr>\n<th>Groupe Osseux<\/th>\n<th>Nom de l&rsquo;os<\/th>\n<th>Nombre<\/th>\n<th>Ubicaci\u00f3n<\/th>\n<\/tr>\n<\/thead>\n<tbody>\n<tr>\n<td>Tarse (Arri\u00e8re-pied)<\/td>\n<td>Talus (Astragale)<\/td>\n<td>1<\/td>\n<td>Articulation de la cheville<\/td>\n<\/tr>\n<tr>\n<td>Tarse (Arri\u00e8re-pied)<\/td>\n<td>Calcan\u00e9um<\/td>\n<td>1<\/td>\n<td>Talon<\/td>\n<\/tr>\n<tr>\n<td>Tarse (M\u00e9dio-pied)<\/td>\n<td>Os naviculaire<\/td>\n<td>1<\/td>\n<td>C\u00f4t\u00e9 m\u00e9dial<\/td>\n<\/tr>\n<tr>\n<td>Tarse (M\u00e9dio-pied)<\/td>\n<td>Os cubo\u00efde<\/td>\n<td>1<\/td>\n<td>C\u00f4t\u00e9 lat\u00e9ral<\/td>\n<\/tr>\n<tr>\n<td>Tarse (M\u00e9dio-pied)<\/td>\n<td>Cun\u00e9iformes (m\u00e9dial, interm\u00e9diaire, lat\u00e9ral)<\/td>\n<td>3<\/td>\n<td>Entre le naviculaire et les m\u00e9tatarsiens<\/td>\n<\/tr>\n<tr>\n<td>M\u00e9tatarse (Avant-pied)<\/td>\n<td>M\u00e9tatarsiens (I \u00e0 V)<\/td>\n<td>5<\/td>\n<td>Relient le tarse aux phalanges<\/td>\n<\/tr>\n<tr>\n<td>Phalanges (Avant-pied)<\/td>\n<td>Phalanges<\/td>\n<td>14<\/td>\n<td>Squelette des orteils<\/td>\n<\/tr>\n<tr>\n<td>Os S\u00e9samo\u00efdes<\/td>\n<td>S\u00e9samo\u00efdes du hallux<\/td>\n<td>2<\/td>\n<td>Sous la t\u00eate du premier m\u00e9tatarsien<\/td>\n<\/tr>\n<\/tbody>\n<\/table>\n<\/div>\n<h2 id=\"articulations-et-muscles-la-mecanique-du-mouvement\">Articulations et muscles : la m\u00e9canique du mouvement<\/h2>\n<p>Une fois l&rsquo;architecture osseuse pos\u00e9e, il faut comprendre comment ces os s&rsquo;animent gr\u00e2ce \u00e0 un <strong>r\u00e9seau complexe d&rsquo;articulations et de muscles<\/strong>.<\/p>\n<h3>Les 33 articulations et leurs mouvements<\/h3>\n<p>Le pied ne se contente pas d&rsquo;\u00eatre statique ; il abrite environ <a href=\"https:\/\/www.sciencedirect.com\/science\/article\/pii\/S1878622714000290\">33 niveaux articulaires<\/a>. Cette densit\u00e9 structurelle lui conf\u00e8re une <strong>mobilit\u00e9 exceptionnelle et une capacit\u00e9 d&rsquo;adaptation imm\u00e9diate<\/strong> aux irr\u00e9gularit\u00e9s du sol.<\/p>\n<p><strong>Les mouvements principaux s&rsquo;organisent autour de la cheville<\/strong>. La flexion dorsale consiste \u00e0 ramener les orteils vers le haut, tandis que la flexion plantaire permet de pointer les orteils vers le bas.<\/p>\n<p>La m\u00e9canique se complexifie avec les mouvements de torsion. L&rsquo;inversion oriente la plante du pied vers l&rsquo;int\u00e9rieur, alors que l&rsquo;\u00e9version la tourne vers l&rsquo;ext\u00e9rieur. Ces mouvements sont <strong>combin\u00e9s pour la stabilit\u00e9<\/strong>.<\/p>\n<h3>Les muscles intrins\u00e8ques : la motricit\u00e9 fine<\/h3>\n<p>On d\u00e9finit les muscles intrins\u00e8ques par leur localisation anatomique stricte : leur origine et leur insertion se trouvent enti\u00e8rement dans le pied. Leur r\u00f4le premier est d&rsquo;<strong>assurer la motricit\u00e9 fine des orteils<\/strong>.<\/p>\n<p>L&rsquo;organisation interne est m\u00e9ticuleuse. <strong>Ces muscles se r\u00e9partissent en plusieurs loges distinctes<\/strong> : plantaire m\u00e9diale, centrale, lat\u00e9rale et interosseuse, sans oublier ceux situ\u00e9s sur la face dorsale du pied.<\/p>\n<p>Concr\u00e8tement, ils pilotent des <strong>ajustements pr\u00e9cis<\/strong>. Leurs actions permettent d&rsquo;\u00e9carter et de rapprocher les orteils, ou encore de fl\u00e9chir les articulations m\u00e9tatarso-phalangiennes. Ils soutiennent aussi activement les arches plantaires.<\/p>\n<h3>Les muscles extrins\u00e8ques : la force venue de la jambe<\/h3>\n<p>\u00c0 l&rsquo;inverse, les muscles extrins\u00e8ques tirent leur puissance de la jambe. Leurs corps musculaires y r\u00e9sident, mais <strong>leurs tendons traversent la cheville pour venir s&rsquo;ins\u00e9rer solidement sur les os du pied<\/strong>.<\/p>\n<ul>\n<li><strong>Groupe post\u00e9rieur<\/strong> : Responsable de la flexion plantaire (ex: muscle triceps sural via le tendon d&rsquo;Achille).<\/li>\n<li>Groupe ant\u00e9rieur : <strong>Permet la flexion dorsale du pied et l&rsquo;extension des orteils<\/strong>.<\/li>\n<li><strong>Groupe lat\u00e9ral<\/strong> : Assure principalement l&rsquo;\u00e9version du pied.<\/li>\n<li><strong>Groupe m\u00e9dial<\/strong> : Participe \u00e0 l&rsquo;inversion du pied et \u00e0 la flexion des orteils.<\/li>\n<\/ul>\n<h2 id=\"la-voute-plantaire-un-systeme-damortissement-et-de-propulsion\">La vo\u00fbte plantaire : un syst\u00e8me d&rsquo;amortissement et de propulsion<\/h2>\n<h3>L&rsquo;architecture h\u00e9lico\u00efdale du pied<\/h3>\n<p>Contrairement aux id\u00e9es re\u00e7ues, le squelette du pied ne repose pas \u00e0 plat. Il s&rsquo;organise selon une <strong>structure en h\u00e9lice complexe, vrill\u00e9e sur son axe<\/strong>. L&rsquo;arri\u00e8re-pied se positionne verticalement tandis que l&rsquo;avant-pied s&rsquo;\u00e9tale horizontalement, cr\u00e9ant une torsion m\u00e9canique fondamentale.<\/p>\n<p>Cette configuration g\u00e9om\u00e9trique singuli\u00e8re autorise une <strong>m\u00e9tamorphose fonctionnelle imm\u00e9diate<\/strong>. Le pied passe d&rsquo;un \u00e9tat souple, n\u00e9cessaire pour l&rsquo;amortissement \u00e0 l&rsquo;impact, \u00e0 un levier rigide indispensable pour la propulsion efficace lors de la marche.<\/p>\n<h3>Les trois arches de la vo\u00fbte plantaire<\/h3>\n<p>La <strong>solidit\u00e9 de l&rsquo;\u00e9difice repose<\/strong> sur trois arches distinctes, maintenues sous tension par un r\u00e9seau dense de ligaments et muscles.<\/p>\n<ol>\n<li>L&rsquo;arche longitudinale m\u00e9diale : Allant du calcan\u00e9um au premier m\u00e9tatarsien, c&rsquo;est la plus haute. <strong>Sa cambrure d\u00e9termine la morphologie, distinguant le \u00ab\u00a0pied creux\u00a0\u00bb du \u00ab\u00a0pied plat\u00a0\u00bb<\/strong>.<\/li>\n<li>L&rsquo;arche longitudinale lat\u00e9rale : Plus basse, elle s&rsquo;appuie sur le calcan\u00e9um, le cubo\u00efde et les deux derniers m\u00e9tatarsiens. <strong>Elle garantit la stabilit\u00e9 du contact au sol<\/strong>.<\/li>\n<li>L&rsquo;arche transverse : Constitu\u00e9e par les cun\u00e9iformes et la base des m\u00e9tatarsiens, elle forme un d\u00f4me transversal qui <strong>verrouille la solidit\u00e9 globale du pied<\/strong>.<\/li>\n<\/ol>\n<h3>Le r\u00f4le de l&rsquo;apon\u00e9vrose plantaire<\/h3>\n<p>L&rsquo;apon\u00e9vrose plantaire, aussi nomm\u00e9e fascia plantaire, se pr\u00e9sente comme une <strong>bande fibreuse \u00e9paisse<\/strong>. Cette membrane s&rsquo;\u00e9tend fermement du tubercule du calcan\u00e9um jusqu&rsquo;\u00e0 la base des orteils, recouvrant les muscles superficiels de la r\u00e9gion plantaire.<\/p>\n<p>Elle agit m\u00e9caniquement comme une \u00ab\u00a0corde d&rsquo;arc\u00a0\u00bb, <strong>assurant le maintien sous tension de l&rsquo;arche longitudinale m\u00e9diale<\/strong>.<\/p>\n<p>Ce m\u00e9canisme est vital pour <strong>absorber les impacts violents<\/strong>. Elle emmagasine l&rsquo;\u00e9nergie cin\u00e9tique pour la restituer ensuite, fonctionnant tel un ressort dynamique lors de la phase de propulsion.<\/p>\n<blockquote><p>La structure du pied est vo\u00fbt\u00e9e longitudinalement et transversalement, formant une h\u00e9lice vrill\u00e9e maintenue par de nombreuses interconnexions fibreuses et musculo-ligamentaires pour une efficacit\u00e9 maximale.<\/p><\/blockquote>\n<h2 id=\"vascularisation-et-innervation-le-reseau-vital-du-pied\">Vascularisation et innervation : le r\u00e9seau vital du pied<\/h2>\n<p>Pour fonctionner, cette merveille m\u00e9canique n\u00e9cessite un <strong>apport \u00e9nerg\u00e9tique constant et un syst\u00e8me de commande pr\u00e9cis<\/strong>, assur\u00e9s par son r\u00e9seau vasculaire et nerveux.<\/p>\n<h3>L&rsquo;apport sanguin : art\u00e8res et veines principales<\/h3>\n<p>La <strong>vascularisation art\u00e9rielle repose sur deux axes majeurs<\/strong> descendant de la jambe. L&rsquo;art\u00e8re tibiale ant\u00e9rieure irrigue la face avant, tandis que l&rsquo;art\u00e8re tibiale post\u00e9rieure prend en charge la zone plantaire.<\/p>\n<p>L&rsquo;art\u00e8re tibiale ant\u00e9rieure se prolonge pour devenir l&rsquo;<strong>art\u00e8re dorsale du pied<\/strong>. En parall\u00e8le, la tibiale post\u00e9rieure se scinde en deux art\u00e8res plantaires, m\u00e9diale et lat\u00e9rale, pour couvrir l&rsquo;ensemble de la structure.<\/p>\n<p>Le <strong>drainage veineux suit un trajet similaire<\/strong> via un r\u00e9seau profond et un r\u00e9seau superficiel. Les veines saph\u00e8nes assurent notamment ce retour sanguin visible sous la peau.<\/p>\n<h3>Le r\u00e9seau nerveux : commande motrice et sensibilit\u00e9<\/h3>\n<p>L&rsquo;innervation globale du pied <strong>d\u00e9pend quasi exclusivement du nerf sciatique<\/strong>. Ce tronc nerveux massif ne s&rsquo;arr\u00eate pas au genou et se divise pour atteindre les extr\u00e9mit\u00e9s.<\/p>\n<p><strong>Le nerf tibial commande la motricit\u00e9 de la plante<\/strong>. Le nerf fibulaire profond active les muscles du dos du pied, tandis que le nerf fibulaire superficiel g\u00e8re la sensibilit\u00e9 dorsale.<\/p>\n<p>Ce c\u00e2blage complexe assure une <strong>double fonction indispensable au mouvement<\/strong>. Il transmet les ordres moteurs aux muscles tout en remontant les informations de douleur ou de position.<\/p>\n<h3>Lien entre anatomie et douleurs : le cas du nerf comprim\u00e9<\/h3>\n<p>Comprendre l&rsquo;anatomie \u00e9claire l&rsquo;origine m\u00e9canique de certaines souffrances. Des structures nerveuses traversent parfois des tunnels osseux ou fibreux trop \u00e9troits, cr\u00e9ant des <strong>conflits d&rsquo;espace invalidants<\/strong>.<\/p>\n<p>Le n\u00e9vrome de Morton illustre parfaitement ce ph\u00e9nom\u00e8ne. Un nerf interdigital se retrouve coinc\u00e9 entre les t\u00eates m\u00e9tatarsiennes, souvent le troisi\u00e8me espace. L&rsquo;\u00e9paississement du tissu nerveux provoque une <strong>douleur fulgurante \u00e0 l&rsquo;appui<\/strong>.<\/p>\n<p>Par ailleurs, la <a href=\"https:\/\/www.semanticscholar.org\/paper\/Anatomie-topographique-du-pied-Bonnel-Teissier\/d5ded348d2381ce2ee8effe368d2923c72105718\"><strong>variabilit\u00e9 du nerf calcan\u00e9en<\/strong><\/a> complique parfois le diagnostic des talalgies. Son trajet al\u00e9atoire expose certains patients \u00e0 des douleurs talonni\u00e8res sp\u00e9cifiques.<\/p>\n<p>Le pied constitue une structure anatomique complexe de 28 os, <strong>essentielle \u00e0 la station debout et \u00e0 la locomotion<\/strong>. Son architecture, divis\u00e9e en trois r\u00e9gions fonctionnelles, associe <strong>rigidit\u00e9 pour le support et souplesse pour l&rsquo;amortissement<\/strong>. L&rsquo;interaction pr\u00e9cise entre le squelette, les muscles et le syst\u00e8me nerveux garantit <strong>l&rsquo;\u00e9quilibre et la propulsion du corps humain<\/strong>.<\/p>\n<h2>FAQ<\/h2>\n<h3>Quelles sont les principales subdivisions anatomiques du pied ?<\/h3>\n<p>Le pied se segmente en <strong>trois zones fonctionnelles distinctes<\/strong>. L&rsquo;arri\u00e8re-pied est constitu\u00e9 du talus et du calcan\u00e9um, assurant la jonction avec la cheville. Le m\u00e9dio-pied regroupe l&rsquo;os naviculaire, le cubo\u00efde et les trois cun\u00e9iformes. Enfin, l&rsquo;avant-pied comprend les m\u00e9tatarsiens et les phalanges, formant la partie ant\u00e9rieure mobile.<\/p>\n<h3>Comment s&rsquo;organise la structure ost\u00e9o-articulaire du pied et de la cheville ?<\/h3>\n<p>L&rsquo;architecture du pied repose sur un squelette de 28 os (incluant les s\u00e9samo\u00efdes) et environ 33 articulations. La cheville, ou articulation talo-crurale, relie le tibia et la fibula au talus. L&rsquo;ensemble est stabilis\u00e9 par un r\u00e9seau complexe de plus de 100 ligaments et mobilis\u00e9 par des muscles intrins\u00e8ques et extrins\u00e8ques, <strong>permettant le support du poids et la locomotion<\/strong>.<\/p>\n<h3>Quelle est la fonction de l&rsquo;apon\u00e9vrose plantaire ?<\/h3>\n<p>L&rsquo;apon\u00e9vrose plantaire est une \u00e9paisse membrane fibreuse situ\u00e9e sous la peau, s&rsquo;\u00e9tendant du calcan\u00e9um jusqu&rsquo;\u00e0 la base des orteils. Elle joue un <strong>r\u00f4le m\u00e9canique essentiel en soutenant l&rsquo;arche longitudinale m\u00e9diale<\/strong>. Elle agit comme un ressort qui emmagasine et restitue l&rsquo;\u00e9nergie lors de la marche.<\/p>\n<h3>Quelles variations morphologiques observe-t-on fr\u00e9quemment au niveau du pied ?<\/h3>\n<p><strong>Les variations structurelles les plus courantes<\/strong> concernent la hauteur de la vo\u00fbte plantaire, distinguant le pied plat (affaissement de l&rsquo;arche) du pied creux (arche haute). La longueur relative des orteils d\u00e9finit \u00e9galement des morphotypes : le pied \u00e9gyptien (hallux le plus long) est majoritaire, suivi par le pied carr\u00e9 et le pied grec.<\/p>\n<h3>Quel est le lien anatomique entre le n\u00e9vrome de Morton et la structure du pied ?<\/h3>\n<p>Le n\u00e9vrome de Morton r\u00e9sulte d&rsquo;une compression m\u00e9canique d&rsquo;un nerf sensitif interdigital, g\u00e9n\u00e9ralement situ\u00e9 dans l&rsquo;espace \u00e9troit entre les t\u00eates des troisi\u00e8me et quatri\u00e8me m\u00e9tatarsiens. Cette particularit\u00e9 anatomique rend le nerf vuln\u00e9rable \u00e0 l&rsquo;irritation et \u00e0 l&rsquo;inflammation lors de l&rsquo;appui, <strong>provoquant des douleurs caract\u00e9ristiques<\/strong>.<\/p>","protected":false},"excerpt":{"rendered":"<p>L&rsquo;essentiel \u00e0 retenir : v\u00e9ritable chef-d&rsquo;\u0153uvre biom\u00e9canique, le pied combine 28 os et 33 articulations pour assurer la station debout. Cette architecture unique en trois arches permet d&rsquo;alterner instantan\u00e9ment entre souplesse pour l&rsquo;amortissement et rigidit\u00e9 pour la propulsion. Une m\u00e9canique de pr\u00e9cision indispensable, capable de supporter jusqu&rsquo;\u00e0 douze fois la charge du corps en mouvement. &#8230; <a title=\"Anatomie pied : structure, os et fonctionnement\" class=\"read-more\" href=\"https:\/\/curo.fr\/es\/anatomie-pied-humain\/\" aria-label=\"Leer m\u00e1s sobre Anatomie pied : structure, os et fonctionnement\">Leer m\u00e1s<\/a><\/p>","protected":false},"author":2,"featured_media":2847,"comment_status":"open","ping_status":"","sticky":false,"template":"","format":"standard","meta":{"footnotes":""},"categories":[1],"tags":[],"class_list":["post-2846","post","type-post","status-publish","format-standard","has-post-thumbnail","hentry","category-uncategorized"],"yoast_head":"<!-- This site is optimized with the Yoast SEO plugin v27.3 - https:\/\/yoast.com\/product\/yoast-seo-wordpress\/ -->\n<title>Anatomie pied : structure, os et fonctionnement - Curo<\/title>\n<meta name=\"robots\" content=\"index, follow, max-snippet:-1, max-image-preview:large, max-video-preview:-1\" \/>\n<link rel=\"canonical\" href=\"https:\/\/curo.fr\/es\/anatomie-pied-humain\/\" \/>\n<meta property=\"og:locale\" content=\"es_ES\" \/>\n<meta property=\"og:type\" content=\"article\" \/>\n<meta property=\"og:title\" content=\"Anatomie pied : structure, os et fonctionnement - Curo\" \/>\n<meta property=\"og:description\" content=\"L&rsquo;essentiel \u00e0 retenir : v\u00e9ritable chef-d&rsquo;\u0153uvre biom\u00e9canique, le pied combine 28 os et 33 articulations pour assurer la station debout. Cette architecture unique en trois arches permet d&rsquo;alterner instantan\u00e9ment entre souplesse pour l&rsquo;amortissement et rigidit\u00e9 pour la propulsion. Une m\u00e9canique de pr\u00e9cision indispensable, capable de supporter jusqu&rsquo;\u00e0 douze fois la charge du corps en mouvement. ... Leer m\u00e1s\" \/>\n<meta property=\"og:url\" content=\"https:\/\/curo.fr\/es\/anatomie-pied-humain\/\" \/>\n<meta property=\"og:site_name\" content=\"Curo\" \/>\n<meta property=\"article:published_time\" content=\"2025-11-25T22:53:51+00:00\" \/>\n<meta property=\"article:modified_time\" content=\"2025-11-25T23:12:20+00:00\" \/>\n<meta name=\"author\" content=\"Damien\" \/>\n<meta name=\"twitter:card\" content=\"summary_large_image\" \/>\n<meta name=\"twitter:label1\" content=\"Escrito por\" \/>\n\t<meta name=\"twitter:data1\" content=\"Damien\" \/>\n\t<meta name=\"twitter:label2\" content=\"Tiempo de lectura\" \/>\n\t<meta name=\"twitter:data2\" content=\"11 minutos\" \/>\n<script type=\"application\/ld+json\" class=\"yoast-schema-graph\">{\"@context\":\"https:\\\/\\\/schema.org\",\"@graph\":[{\"@type\":\"Article\",\"@id\":\"https:\\\/\\\/curo.fr\\\/anatomie-pied-humain\\\/#article\",\"isPartOf\":{\"@id\":\"https:\\\/\\\/curo.fr\\\/anatomie-pied-humain\\\/\"},\"author\":{\"name\":\"Damien\",\"@id\":\"https:\\\/\\\/curo.fr\\\/#\\\/schema\\\/person\\\/a73e8b1000e7b99c3f7c5eb9fa1151e0\"},\"headline\":\"Anatomie pied : structure, os et fonctionnement\",\"datePublished\":\"2025-11-25T22:53:51+00:00\",\"dateModified\":\"2025-11-25T23:12:20+00:00\",\"mainEntityOfPage\":{\"@id\":\"https:\\\/\\\/curo.fr\\\/anatomie-pied-humain\\\/\"},\"wordCount\":2300,\"commentCount\":0,\"publisher\":{\"@id\":\"https:\\\/\\\/curo.fr\\\/#organization\"},\"image\":{\"@id\":\"https:\\\/\\\/curo.fr\\\/anatomie-pied-humain\\\/#primaryimage\"},\"thumbnailUrl\":\"https:\\\/\\\/curo.fr\\\/wp-content\\\/uploads\\\/2025\\\/11\\\/human-foot-anatomy-a-translucent-view.jpg\",\"articleSection\":[\"Uncategorized\"],\"inLanguage\":\"es\",\"potentialAction\":[{\"@type\":\"CommentAction\",\"name\":\"Comment\",\"target\":[\"https:\\\/\\\/curo.fr\\\/anatomie-pied-humain\\\/#respond\"]}]},{\"@type\":\"WebPage\",\"@id\":\"https:\\\/\\\/curo.fr\\\/anatomie-pied-humain\\\/\",\"url\":\"https:\\\/\\\/curo.fr\\\/anatomie-pied-humain\\\/\",\"name\":\"Anatomie pied : structure, os et fonctionnement - Curo\",\"isPartOf\":{\"@id\":\"https:\\\/\\\/curo.fr\\\/#website\"},\"primaryImageOfPage\":{\"@id\":\"https:\\\/\\\/curo.fr\\\/anatomie-pied-humain\\\/#primaryimage\"},\"image\":{\"@id\":\"https:\\\/\\\/curo.fr\\\/anatomie-pied-humain\\\/#primaryimage\"},\"thumbnailUrl\":\"https:\\\/\\\/curo.fr\\\/wp-content\\\/uploads\\\/2025\\\/11\\\/human-foot-anatomy-a-translucent-view.jpg\",\"datePublished\":\"2025-11-25T22:53:51+00:00\",\"dateModified\":\"2025-11-25T23:12:20+00:00\",\"breadcrumb\":{\"@id\":\"https:\\\/\\\/curo.fr\\\/anatomie-pied-humain\\\/#breadcrumb\"},\"inLanguage\":\"es\",\"potentialAction\":[{\"@type\":\"ReadAction\",\"target\":[\"https:\\\/\\\/curo.fr\\\/anatomie-pied-humain\\\/\"]}]},{\"@type\":\"ImageObject\",\"inLanguage\":\"es\",\"@id\":\"https:\\\/\\\/curo.fr\\\/anatomie-pied-humain\\\/#primaryimage\",\"url\":\"https:\\\/\\\/curo.fr\\\/wp-content\\\/uploads\\\/2025\\\/11\\\/human-foot-anatomy-a-translucent-view.jpg\",\"contentUrl\":\"https:\\\/\\\/curo.fr\\\/wp-content\\\/uploads\\\/2025\\\/11\\\/human-foot-anatomy-a-translucent-view.jpg\",\"width\":1600,\"height\":893},{\"@type\":\"BreadcrumbList\",\"@id\":\"https:\\\/\\\/curo.fr\\\/anatomie-pied-humain\\\/#breadcrumb\",\"itemListElement\":[{\"@type\":\"ListItem\",\"position\":1,\"name\":\"Home\",\"item\":\"https:\\\/\\\/curo.fr\\\/\"},{\"@type\":\"ListItem\",\"position\":2,\"name\":\"Anatomie pied : structure, os et fonctionnement\"}]},{\"@type\":\"WebSite\",\"@id\":\"https:\\\/\\\/curo.fr\\\/#website\",\"url\":\"https:\\\/\\\/curo.fr\\\/\",\"name\":\"Curo\",\"description\":\"\",\"publisher\":{\"@id\":\"https:\\\/\\\/curo.fr\\\/#organization\"},\"potentialAction\":[{\"@type\":\"SearchAction\",\"target\":{\"@type\":\"EntryPoint\",\"urlTemplate\":\"https:\\\/\\\/curo.fr\\\/?s={search_term_string}\"},\"query-input\":{\"@type\":\"PropertyValueSpecification\",\"valueRequired\":true,\"valueName\":\"search_term_string\"}}],\"inLanguage\":\"es\"},{\"@type\":\"Organization\",\"@id\":\"https:\\\/\\\/curo.fr\\\/#organization\",\"name\":\"Curo\",\"url\":\"https:\\\/\\\/curo.fr\\\/\",\"logo\":{\"@type\":\"ImageObject\",\"inLanguage\":\"es\",\"@id\":\"https:\\\/\\\/curo.fr\\\/#\\\/schema\\\/logo\\\/image\\\/\",\"url\":\"https:\\\/\\\/curo.fr\\\/wp-content\\\/uploads\\\/2024\\\/10\\\/logo.png\",\"contentUrl\":\"https:\\\/\\\/curo.fr\\\/wp-content\\\/uploads\\\/2024\\\/10\\\/logo.png\",\"width\":390,\"height\":390,\"caption\":\"Curo\"},\"image\":{\"@id\":\"https:\\\/\\\/curo.fr\\\/#\\\/schema\\\/logo\\\/image\\\/\"}},{\"@type\":\"Person\",\"@id\":\"https:\\\/\\\/curo.fr\\\/#\\\/schema\\\/person\\\/a73e8b1000e7b99c3f7c5eb9fa1151e0\",\"name\":\"Damien\",\"image\":{\"@type\":\"ImageObject\",\"inLanguage\":\"es\",\"@id\":\"https:\\\/\\\/secure.gravatar.com\\\/avatar\\\/ce38768ebaf5d044c623efd7ff10a6ad2e1bf4f59b1039f5295b8e35e82bb447?s=96&d=mm&r=g\",\"url\":\"https:\\\/\\\/secure.gravatar.com\\\/avatar\\\/ce38768ebaf5d044c623efd7ff10a6ad2e1bf4f59b1039f5295b8e35e82bb447?s=96&d=mm&r=g\",\"contentUrl\":\"https:\\\/\\\/secure.gravatar.com\\\/avatar\\\/ce38768ebaf5d044c623efd7ff10a6ad2e1bf4f59b1039f5295b8e35e82bb447?s=96&d=mm&r=g\",\"caption\":\"Damien\"},\"url\":\"https:\\\/\\\/curo.fr\\\/es\\\/author\\\/damien\\\/\"}]}<\/script>\n<!-- \/ Yoast SEO plugin. -->","yoast_head_json":{"title":"Anatomie pied : structure, os et fonctionnement - Curo","robots":{"index":"index","follow":"follow","max-snippet":"max-snippet:-1","max-image-preview":"max-image-preview:large","max-video-preview":"max-video-preview:-1"},"canonical":"https:\/\/curo.fr\/es\/anatomie-pied-humain\/","og_locale":"es_ES","og_type":"article","og_title":"Anatomie pied : structure, os et fonctionnement - Curo","og_description":"L&rsquo;essentiel \u00e0 retenir : v\u00e9ritable chef-d&rsquo;\u0153uvre biom\u00e9canique, le pied combine 28 os et 33 articulations pour assurer la station debout. Cette architecture unique en trois arches permet d&rsquo;alterner instantan\u00e9ment entre souplesse pour l&rsquo;amortissement et rigidit\u00e9 pour la propulsion. Une m\u00e9canique de pr\u00e9cision indispensable, capable de supporter jusqu&rsquo;\u00e0 douze fois la charge du corps en mouvement. ... Leer m\u00e1s","og_url":"https:\/\/curo.fr\/es\/anatomie-pied-humain\/","og_site_name":"Curo","article_published_time":"2025-11-25T22:53:51+00:00","article_modified_time":"2025-11-25T23:12:20+00:00","author":"Damien","twitter_card":"summary_large_image","twitter_misc":{"Escrito por":"Damien","Tiempo de lectura":"11 minutos"},"schema":{"@context":"https:\/\/schema.org","@graph":[{"@type":"Article","@id":"https:\/\/curo.fr\/anatomie-pied-humain\/#article","isPartOf":{"@id":"https:\/\/curo.fr\/anatomie-pied-humain\/"},"author":{"name":"Damien","@id":"https:\/\/curo.fr\/#\/schema\/person\/a73e8b1000e7b99c3f7c5eb9fa1151e0"},"headline":"Anatomie pied : structure, os et fonctionnement","datePublished":"2025-11-25T22:53:51+00:00","dateModified":"2025-11-25T23:12:20+00:00","mainEntityOfPage":{"@id":"https:\/\/curo.fr\/anatomie-pied-humain\/"},"wordCount":2300,"commentCount":0,"publisher":{"@id":"https:\/\/curo.fr\/#organization"},"image":{"@id":"https:\/\/curo.fr\/anatomie-pied-humain\/#primaryimage"},"thumbnailUrl":"https:\/\/curo.fr\/wp-content\/uploads\/2025\/11\/human-foot-anatomy-a-translucent-view.jpg","articleSection":["Uncategorized"],"inLanguage":"es","potentialAction":[{"@type":"CommentAction","name":"Comment","target":["https:\/\/curo.fr\/anatomie-pied-humain\/#respond"]}]},{"@type":"WebPage","@id":"https:\/\/curo.fr\/anatomie-pied-humain\/","url":"https:\/\/curo.fr\/anatomie-pied-humain\/","name":"Anatomie pied : structure, os et fonctionnement - Curo","isPartOf":{"@id":"https:\/\/curo.fr\/#website"},"primaryImageOfPage":{"@id":"https:\/\/curo.fr\/anatomie-pied-humain\/#primaryimage"},"image":{"@id":"https:\/\/curo.fr\/anatomie-pied-humain\/#primaryimage"},"thumbnailUrl":"https:\/\/curo.fr\/wp-content\/uploads\/2025\/11\/human-foot-anatomy-a-translucent-view.jpg","datePublished":"2025-11-25T22:53:51+00:00","dateModified":"2025-11-25T23:12:20+00:00","breadcrumb":{"@id":"https:\/\/curo.fr\/anatomie-pied-humain\/#breadcrumb"},"inLanguage":"es","potentialAction":[{"@type":"ReadAction","target":["https:\/\/curo.fr\/anatomie-pied-humain\/"]}]},{"@type":"ImageObject","inLanguage":"es","@id":"https:\/\/curo.fr\/anatomie-pied-humain\/#primaryimage","url":"https:\/\/curo.fr\/wp-content\/uploads\/2025\/11\/human-foot-anatomy-a-translucent-view.jpg","contentUrl":"https:\/\/curo.fr\/wp-content\/uploads\/2025\/11\/human-foot-anatomy-a-translucent-view.jpg","width":1600,"height":893},{"@type":"BreadcrumbList","@id":"https:\/\/curo.fr\/anatomie-pied-humain\/#breadcrumb","itemListElement":[{"@type":"ListItem","position":1,"name":"Home","item":"https:\/\/curo.fr\/"},{"@type":"ListItem","position":2,"name":"Anatomie pied : structure, os et fonctionnement"}]},{"@type":"WebSite","@id":"https:\/\/curo.fr\/#website","url":"https:\/\/curo.fr\/","name":"Curo","description":"","publisher":{"@id":"https:\/\/curo.fr\/#organization"},"potentialAction":[{"@type":"SearchAction","target":{"@type":"EntryPoint","urlTemplate":"https:\/\/curo.fr\/?s={search_term_string}"},"query-input":{"@type":"PropertyValueSpecification","valueRequired":true,"valueName":"search_term_string"}}],"inLanguage":"es"},{"@type":"Organization","@id":"https:\/\/curo.fr\/#organization","name":"Curo","url":"https:\/\/curo.fr\/","logo":{"@type":"ImageObject","inLanguage":"es","@id":"https:\/\/curo.fr\/#\/schema\/logo\/image\/","url":"https:\/\/curo.fr\/wp-content\/uploads\/2024\/10\/logo.png","contentUrl":"https:\/\/curo.fr\/wp-content\/uploads\/2024\/10\/logo.png","width":390,"height":390,"caption":"Curo"},"image":{"@id":"https:\/\/curo.fr\/#\/schema\/logo\/image\/"}},{"@type":"Person","@id":"https:\/\/curo.fr\/#\/schema\/person\/a73e8b1000e7b99c3f7c5eb9fa1151e0","name":"Damien","image":{"@type":"ImageObject","inLanguage":"es","@id":"https:\/\/secure.gravatar.com\/avatar\/ce38768ebaf5d044c623efd7ff10a6ad2e1bf4f59b1039f5295b8e35e82bb447?s=96&d=mm&r=g","url":"https:\/\/secure.gravatar.com\/avatar\/ce38768ebaf5d044c623efd7ff10a6ad2e1bf4f59b1039f5295b8e35e82bb447?s=96&d=mm&r=g","contentUrl":"https:\/\/secure.gravatar.com\/avatar\/ce38768ebaf5d044c623efd7ff10a6ad2e1bf4f59b1039f5295b8e35e82bb447?s=96&d=mm&r=g","caption":"Damien"},"url":"https:\/\/curo.fr\/es\/author\/damien\/"}]}},"_links":{"self":[{"href":"https:\/\/curo.fr\/es\/wp-json\/wp\/v2\/posts\/2846","targetHints":{"allow":["GET"]}}],"collection":[{"href":"https:\/\/curo.fr\/es\/wp-json\/wp\/v2\/posts"}],"about":[{"href":"https:\/\/curo.fr\/es\/wp-json\/wp\/v2\/types\/post"}],"author":[{"embeddable":true,"href":"https:\/\/curo.fr\/es\/wp-json\/wp\/v2\/users\/2"}],"replies":[{"embeddable":true,"href":"https:\/\/curo.fr\/es\/wp-json\/wp\/v2\/comments?post=2846"}],"version-history":[{"count":1,"href":"https:\/\/curo.fr\/es\/wp-json\/wp\/v2\/posts\/2846\/revisions"}],"predecessor-version":[{"id":2848,"href":"https:\/\/curo.fr\/es\/wp-json\/wp\/v2\/posts\/2846\/revisions\/2848"}],"wp:featuredmedia":[{"embeddable":true,"href":"https:\/\/curo.fr\/es\/wp-json\/wp\/v2\/media\/2847"}],"wp:attachment":[{"href":"https:\/\/curo.fr\/es\/wp-json\/wp\/v2\/media?parent=2846"}],"wp:term":[{"taxonomy":"category","embeddable":true,"href":"https:\/\/curo.fr\/es\/wp-json\/wp\/v2\/categories?post=2846"},{"taxonomy":"post_tag","embeddable":true,"href":"https:\/\/curo.fr\/es\/wp-json\/wp\/v2\/tags?post=2846"}],"curies":[{"name":"wp","href":"https:\/\/api.w.org\/{rel}","templated":true}]}}