{"id":1344,"date":"2024-09-15T07:32:00","date_gmt":"2024-09-15T07:32:00","guid":{"rendered":"https:\/\/curo.fr\/?p=1344"},"modified":"2024-09-15T07:32:00","modified_gmt":"2024-09-15T07:32:00","slug":"manchas-blancas-en-la-piel-causas-posibles-tratamientos","status":"publish","type":"post","link":"https:\/\/curo.fr\/es\/tache-blanche-peau-causes-traitements-possibles\/","title":{"rendered":"Mancha blanca en la piel: causas y posibles tratamientos"},"content":{"rendered":"<h4>Resumen del art\u00edculo<\/h4>\n<p><p>Las manchas blancas en la piel pueden tener diversos or\u00edgenes y requieren un diagn\u00f3stico m\u00e9dico preciso. He aqu\u00ed los puntos clave que conviene recordar:<\/p>\n<ul>\n<li><strong>Principales causas<\/strong> vit\u00edligo (enfermedad autoinmune) y pitiriasis versicolor (enfermedad f\u00fangica)<\/li>\n<li><strong>Diagn\u00f3stico<\/strong> examen cl\u00ednico, l\u00e1mpara de Wood, muestra de piel<\/li>\n<li><strong>Tratamientos<\/strong> : <em>terapia con corticosteroides<\/em>fototerapia, antif\u00fangicos seg\u00fan la causa<\/li>\n<li><strong>Prevenci\u00f3n<\/strong> protecci\u00f3n solar, dieta equilibrada, gesti\u00f3n del estr\u00e9s<\/li>\n<li><strong>Outlook<\/strong> Investigaci\u00f3n en curso sobre nuevas terapias espec\u00edficas<\/li>\n<\/ul>\n<p>En <strong>manchas blancas en la piel<\/strong> son un fen\u00f3meno que a menudo intriga y preocupa a los pacientes. Como ur\u00f3logo, me plantean regularmente preguntas sobre este tema, aunque no est\u00e9 directamente relacionado con mi especialidad. En este art\u00edculo, explicar\u00e9 las principales causas de estas manchas y los posibles tratamientos, bas\u00e1ndome en mi experiencia m\u00e9dica y en los \u00faltimos avances cient\u00edficos.<\/p>\n<h2>Comprender el origen de las manchas cut\u00e1neas<\/h2>\n<p>En <strong>manchas blancas en la piel<\/strong> pueden tener diversos or\u00edgenes. Dos afecciones principales suelen ser responsables de su aparici\u00f3n: el vit\u00edligo y la pitiriasis versicolor. Cada una tiene sus propias caracter\u00edsticas y mecanismos espec\u00edficos.<\/p>\n<h3>Vit\u00edligo: una enfermedad autoinmune<\/h3>\n<p>El vit\u00edligo es una enfermedad autoinmune que provoca la destrucci\u00f3n de los melanocitos, las c\u00e9lulas responsables de la pigmentaci\u00f3n de la piel. Esta enfermedad puede afectar a cualquier parte del cuerpo, independientemente de la edad del paciente o del color de su piel. He tenido la oportunidad de seguir a varios pacientes de vit\u00edligo, y puedo asegurar que el impacto psicol\u00f3gico puede ser considerable.<\/p>\n<h3>Pitiriasis versicolor: una enfermedad f\u00fangica<\/h3>\n<p>La pitiriasis versicolor es una enfermedad benigna pero frecuente. Est\u00e1 causada por la proliferaci\u00f3n de un hongo cut\u00e1neo. A diferencia del vit\u00edligo, la pitiriasis versicolor aparece principalmente en la parte superior de la espalda y el pecho. Las manchas pueden ser blancas o de color y tienden a extenderse gradualmente.<\/p>\n<h3>Otras causas de despigmentaci\u00f3n<\/h3>\n<p>Existen otras posibles razones para la aparici\u00f3n de <strong>manchas blancas en la piel<\/strong>. Una disfunci\u00f3n de los melanocitos, por ejemplo, puede provocar una despigmentaci\u00f3n localizada. Es esencial consultar a un dermat\u00f3logo para obtener un diagn\u00f3stico preciso e identificar la causa del problema. <a href=\"https:\/\/curo.fr\/es\/cuando-consultar-a-un-urologo-sintomas-situaciones-a-tener-en-cuenta\/\">identificar la causa exacta de estos s\u00edntomas cut\u00e1neos<\/a>.<\/p>\n<h2>Diagn\u00f3stico y tratamiento de las manchas blancas cut\u00e1neas<\/h2>\n<p>Diagn\u00f3stico de <strong>manchas blancas en la piel<\/strong> se basa principalmente en un examen cl\u00ednico exhaustivo. En algunos casos, pueden ser necesarias pruebas adicionales para afinar el diagn\u00f3stico.<\/p>\n<h3>M\u00e9todos de diagn\u00f3stico<\/h3>\n<p>Estos son los principales m\u00e9todos utilizados para diagnosticar las manchas blancas en la piel:<\/p>\n<ul>\n<li>Examen cl\u00ednico visual<\/li>\n<li>Examen con l\u00e1mpara de Wood (luz ultravioleta)<\/li>\n<li>Muestra de piel para an\u00e1lisis de laboratorio<\/li>\n<\/ul>\n<p>Como m\u00e9dico, siempre recomiendo a mis pacientes que consulten a un especialista en cuanto aparezca cualquier mancha sospechosa. Un diagn\u00f3stico precoz significa un tratamiento m\u00e1s eficaz.<\/p>\n<h3>Tratamientos para el vit\u00edligo<\/h3>\n<p>El tratamiento del vit\u00edligo tiene dos objetivos principales: detener la progresi\u00f3n de la enfermedad y estimular la repigmentaci\u00f3n de las zonas afectadas. Las opciones de tratamiento incluyen :<\/p>\n<ul>\n<li>Tratamiento con corticosteroides locales o sist\u00e9micos<\/li>\n<li>Fototerapia UVB<\/li>\n<li>Inmunomoduladores t\u00f3picos<\/li>\n<li>En algunos casos, el trasplante de melanocitos<\/li>\n<\/ul>\n<p>Es importante tener en cuenta que el tratamiento del vit\u00edligo puede llevar mucho tiempo y a menudo requiere un enfoque personalizado. La paciencia y la perseverancia son esenciales para lograr resultados satisfactorios.<\/p>\n<h3>Tratamiento de la pitiriasis versicolor<\/h3>\n<p>El tratamiento de la pitiriasis versicolor se basa principalmente en el uso de agentes antif\u00fangicos. \u00c9stos pueden administrarse por v\u00eda t\u00f3pica (cremas, lociones) o por v\u00eda oral en los casos m\u00e1s extensos. He aqu\u00ed una tabla resumen de las opciones de tratamiento:<\/p>\n<table>\n<tr>\n<th>Tipo de tratamiento<\/th>\n<th>Ejemplos<\/th>\n<th>Duraci\u00f3n media<\/th>\n<\/tr>\n<tr>\n<td>Antif\u00fangicos locales<\/td>\n<td>Ketoconazol, Terbinafina<\/td>\n<td>De 1 a 2 semanas<\/td>\n<\/tr>\n<tr>\n<td>Antif\u00fangicos orales<\/td>\n<td>Fluconazol, Itraconazol<\/td>\n<td>De 1 a 2 semanas<\/td>\n<\/tr>\n<\/table>\n<p>Es importante se\u00f1alar que las recidivas son frecuentes en el caso de la pitiriasis versicolor. En algunos casos puede considerarse un tratamiento preventivo, sobre todo durante los periodos c\u00e1lidos y h\u00famedos, que favorecen el desarrollo del hongo responsable.<\/p>\n<p><img decoding=\"async\" src=\"https:\/\/curo.fr\/wp-content\/uploads\/2024\/09\/depigmentation_cutanee_explications_1977.jpg\" alt=\"Mancha blanca en la piel: causas y posibles tratamientos\"><\/p>\n<h2>Prevenci\u00f3n y gesti\u00f3n cotidiana<\/h2>\n<p>La prevenci\u00f3n desempe\u00f1a un papel crucial en la gesti\u00f3n de <strong>manchas blancas en la piel<\/strong>. Aunque algunas causas, como el vit\u00edligo, no pueden prevenirse por completo, existen medidas que pueden adoptarse para limitar los riesgos y mejorar la calidad de vida de los afectados.<\/p>\n<h3>Protecci\u00f3n solar: una necesidad<\/h3>\n<p>La protecci\u00f3n solar es esencial para prevenir la aparici\u00f3n o el empeoramiento de las manchas blancas. Siempre insisto a mis pacientes en la importancia de utilizar una crema solar de factor alto, incluso cuando no hay sol directo. Las zonas despigmentadas son especialmente sensibles a los rayos UV y pueden quemarse con facilidad.<\/p>\n<h3>Dieta y suplementos<\/h3>\n<p>Una dieta equilibrada puede ayudar a mantener una piel sana. Algunos alimentos ricos en vitaminas espec\u00edficas pueden favorecer la pigmentaci\u00f3n:<\/p>\n<ul>\n<li>Vitamina A: zanahorias, boniatos, espinacas<\/li>\n<li>Vitamina B10 (\u00e1cido f\u00f3lico): verduras de hoja verde, legumbres<\/li>\n<li>Betacaroteno: albaricoques, mangos, calabaza<\/li>\n<\/ul>\n<p>Aunque la comida no puede curar <strong>manchas blancas en la piel<\/strong>Puede ayudar a mejorar la salud general de la piel y frenar potencialmente la progresi\u00f3n de ciertas afecciones.<\/p>\n<h3>Gesti\u00f3n del estr\u00e9s y apoyo psicol\u00f3gico<\/h3>\n<p>No hay que subestimar el impacto psicol\u00f3gico de las manchas blancas. El estr\u00e9s puede agravar ciertas afecciones como el vit\u00edligo. Por eso suelo recomendar a mis pacientes que practiquen t\u00e9cnicas de relajaci\u00f3n y, si es necesario, que consulten a un psic\u00f3logo. El apoyo emocional es esencial si queremos mantener una buena calidad de vida a pesar de los retos est\u00e9ticos que plantean estas afecciones cut\u00e1neas.<\/p>\n<h2>Perspectivas y avances m\u00e9dicos<\/h2>\n<p>Investigaci\u00f3n de las causas y tratamientos de <strong>manchas blancas en la piel<\/strong> avanza constantemente. Como m\u00e9dico, sigo con inter\u00e9s los nuevos descubrimientos en este campo, aunque no est\u00e9n directamente relacionados con <a href=\"https:\/\/curo.fr\/es\/que-enfermedades-tratan-los-urologos-guia-completa\/\">mi especialidad urol\u00f3gica<\/a>.<\/p>\n<p>Se est\u00e1n realizando estudios prometedores sobre nuevos tratamientos del vit\u00edligo, en particular terapias dirigidas a bloquear los mecanismos autoinmunitarios responsables de la destrucci\u00f3n de los melanocitos. En cuanto a la pitiriasis versicolor, se est\u00e1n investigando antif\u00fangicos m\u00e1s eficaces y de acci\u00f3n prolongada para reducir el riesgo de recidiva.<\/p>\n<p>Es importante mantener el optimismo ante estos avances, sin olvidar que cada caso es \u00fanico. Un enfoque personalizado, que combine tratamientos m\u00e9dicos, cuidados cut\u00e1neos adecuados y apoyo psicol\u00f3gico, sigue siendo la clave para gestionar eficazmente <strong>manchas blancas en la piel<\/strong>.<\/p>\n<p>No dude en consultar a un dermat\u00f3logo o a su m\u00e9dico de cabecera si nota la aparici\u00f3n de manchas blancas en la piel. Un diagn\u00f3stico precoz y un tratamiento adecuado pueden mejorar mucho los resultados y tu calidad de vida.<\/p>\n<p>Fuentes :<\/p>\n<ul>\n<li><a href=\"https:\/\/fr.wikipedia.org\/wiki\/Urologie\">wiki urolog\u00eda<\/a><\/li>\n<li><a href=\"https:\/\/www.elsan.care\/fr\/patients\/urologie\">departamento de urolog\u00eda<\/a><\/li>\n<\/ul>\n<div style='text-align:center;'><iframe width='560' height='315' src='https:\/\/www.youtube.com\/embed\/x02DSkjPV80' frameborder='0' allow='accelerometer; autoplay; clipboard-write; encrypted-media; gyroscope; picture-in-picture' allowfullscreen><\/iframe><\/div>","protected":false},"excerpt":{"rendered":"<p>L&rsquo;article en bref Les taches blanches sur la peau peuvent avoir diverses origines et n\u00e9cessitent un diagnostic m\u00e9dical pr\u00e9cis. Voici les points cl\u00e9s \u00e0 retenir : Causes principales : vitiligo (maladie auto-immune) et pityriasis versicolor (affection fongique) Diagnostic : examen clinique, lampe de Wood, pr\u00e9l\u00e8vement cutan\u00e9 Traitements : corticoth\u00e9rapie, phototh\u00e9rapie, antifongiques selon la cause Pr\u00e9vention &#8230; <a title=\"Mancha blanca en la piel: causas y posibles tratamientos\" class=\"read-more\" href=\"https:\/\/curo.fr\/es\/tache-blanche-peau-causes-traitements-possibles\/\" aria-label=\"Leer m\u00e1s sobre Tache blanche sur la peau : causes et traitements possibles\">Leer m\u00e1s<\/a><\/p>","protected":false},"author":2,"featured_media":1342,"comment_status":"open","ping_status":"open","sticky":false,"template":"","format":"standard","meta":{"footnotes":""},"categories":[1],"tags":[],"class_list":["post-1344","post","type-post","status-publish","format-standard","has-post-thumbnail","hentry","category-uncategorized"],"yoast_head":"<!-- This site is optimized with the Yoast SEO plugin v27.3 - https:\/\/yoast.com\/product\/yoast-seo-wordpress\/ -->\n<title>Tache blanche sur la peau : causes et traitements possibles - Curo<\/title>\n<meta name=\"robots\" content=\"index, follow, max-snippet:-1, max-image-preview:large, max-video-preview:-1\" \/>\n<link rel=\"canonical\" href=\"https:\/\/curo.fr\/es\/manchas-blancas-en-la-piel-causas-posibles-tratamientos\/\" \/>\n<meta property=\"og:locale\" content=\"es_ES\" \/>\n<meta property=\"og:type\" content=\"article\" \/>\n<meta property=\"og:title\" content=\"Tache blanche sur la peau : causes et traitements possibles - Curo\" \/>\n<meta property=\"og:description\" content=\"L&rsquo;article en bref Les taches blanches sur la peau peuvent avoir diverses origines et n\u00e9cessitent un diagnostic m\u00e9dical pr\u00e9cis. Voici les points cl\u00e9s \u00e0 retenir : Causes principales : vitiligo (maladie auto-immune) et pityriasis versicolor (affection fongique) Diagnostic : examen clinique, lampe de Wood, pr\u00e9l\u00e8vement cutan\u00e9 Traitements : corticoth\u00e9rapie, phototh\u00e9rapie, antifongiques selon la cause Pr\u00e9vention ... Leer m\u00e1s\" \/>\n<meta property=\"og:url\" content=\"https:\/\/curo.fr\/es\/manchas-blancas-en-la-piel-causas-posibles-tratamientos\/\" \/>\n<meta property=\"og:site_name\" content=\"Curo\" \/>\n<meta property=\"article:published_time\" content=\"2024-09-15T07:32:00+00:00\" \/>\n<meta property=\"og:image\" content=\"https:\/\/curo.fr\/wp-content\/uploads\/2024\/09\/depigmentation_cutanee_explications_9415.jpg\" \/>\n\t<meta property=\"og:image:width\" content=\"1344\" \/>\n\t<meta property=\"og:image:height\" content=\"896\" \/>\n\t<meta property=\"og:image:type\" content=\"image\/jpeg\" \/>\n<meta name=\"author\" content=\"Damien\" \/>\n<meta name=\"twitter:card\" content=\"summary_large_image\" \/>\n<meta name=\"twitter:label1\" content=\"Escrito por\" \/>\n\t<meta name=\"twitter:data1\" content=\"Damien\" \/>\n\t<meta name=\"twitter:label2\" content=\"Tiempo de lectura\" \/>\n\t<meta name=\"twitter:data2\" content=\"6 minutos\" \/>\n<script type=\"application\/ld+json\" class=\"yoast-schema-graph\">{\"@context\":\"https:\\\/\\\/schema.org\",\"@graph\":[{\"@type\":\"Article\",\"@id\":\"https:\\\/\\\/curo.fr\\\/tache-blanche-peau-causes-traitements-possibles\\\/#article\",\"isPartOf\":{\"@id\":\"https:\\\/\\\/curo.fr\\\/tache-blanche-peau-causes-traitements-possibles\\\/\"},\"author\":{\"name\":\"Damien\",\"@id\":\"https:\\\/\\\/curo.fr\\\/#\\\/schema\\\/person\\\/a73e8b1000e7b99c3f7c5eb9fa1151e0\"},\"headline\":\"Tache blanche sur la peau : causes et traitements possibles\",\"datePublished\":\"2024-09-15T07:32:00+00:00\",\"mainEntityOfPage\":{\"@id\":\"https:\\\/\\\/curo.fr\\\/tache-blanche-peau-causes-traitements-possibles\\\/\"},\"wordCount\":1198,\"commentCount\":0,\"publisher\":{\"@id\":\"https:\\\/\\\/curo.fr\\\/#organization\"},\"image\":{\"@id\":\"https:\\\/\\\/curo.fr\\\/tache-blanche-peau-causes-traitements-possibles\\\/#primaryimage\"},\"thumbnailUrl\":\"https:\\\/\\\/curo.fr\\\/wp-content\\\/uploads\\\/2024\\\/09\\\/depigmentation_cutanee_explications_9415.jpg\",\"articleSection\":[\"Uncategorized\"],\"inLanguage\":\"es\",\"potentialAction\":[{\"@type\":\"CommentAction\",\"name\":\"Comment\",\"target\":[\"https:\\\/\\\/curo.fr\\\/tache-blanche-peau-causes-traitements-possibles\\\/#respond\"]}]},{\"@type\":\"WebPage\",\"@id\":\"https:\\\/\\\/curo.fr\\\/tache-blanche-peau-causes-traitements-possibles\\\/\",\"url\":\"https:\\\/\\\/curo.fr\\\/tache-blanche-peau-causes-traitements-possibles\\\/\",\"name\":\"Tache blanche sur la peau : causes et traitements possibles - Curo\",\"isPartOf\":{\"@id\":\"https:\\\/\\\/curo.fr\\\/#website\"},\"primaryImageOfPage\":{\"@id\":\"https:\\\/\\\/curo.fr\\\/tache-blanche-peau-causes-traitements-possibles\\\/#primaryimage\"},\"image\":{\"@id\":\"https:\\\/\\\/curo.fr\\\/tache-blanche-peau-causes-traitements-possibles\\\/#primaryimage\"},\"thumbnailUrl\":\"https:\\\/\\\/curo.fr\\\/wp-content\\\/uploads\\\/2024\\\/09\\\/depigmentation_cutanee_explications_9415.jpg\",\"datePublished\":\"2024-09-15T07:32:00+00:00\",\"breadcrumb\":{\"@id\":\"https:\\\/\\\/curo.fr\\\/tache-blanche-peau-causes-traitements-possibles\\\/#breadcrumb\"},\"inLanguage\":\"es\",\"potentialAction\":[{\"@type\":\"ReadAction\",\"target\":[\"https:\\\/\\\/curo.fr\\\/tache-blanche-peau-causes-traitements-possibles\\\/\"]}]},{\"@type\":\"ImageObject\",\"inLanguage\":\"es\",\"@id\":\"https:\\\/\\\/curo.fr\\\/tache-blanche-peau-causes-traitements-possibles\\\/#primaryimage\",\"url\":\"https:\\\/\\\/curo.fr\\\/wp-content\\\/uploads\\\/2024\\\/09\\\/depigmentation_cutanee_explications_9415.jpg\",\"contentUrl\":\"https:\\\/\\\/curo.fr\\\/wp-content\\\/uploads\\\/2024\\\/09\\\/depigmentation_cutanee_explications_9415.jpg\",\"width\":1344,\"height\":896,\"caption\":\"Tache blanche sur la peau : causes et traitements possibles\"},{\"@type\":\"BreadcrumbList\",\"@id\":\"https:\\\/\\\/curo.fr\\\/tache-blanche-peau-causes-traitements-possibles\\\/#breadcrumb\",\"itemListElement\":[{\"@type\":\"ListItem\",\"position\":1,\"name\":\"Home\",\"item\":\"https:\\\/\\\/curo.fr\\\/\"},{\"@type\":\"ListItem\",\"position\":2,\"name\":\"Tache blanche sur la peau : causes et traitements possibles\"}]},{\"@type\":\"WebSite\",\"@id\":\"https:\\\/\\\/curo.fr\\\/#website\",\"url\":\"https:\\\/\\\/curo.fr\\\/\",\"name\":\"Curo\",\"description\":\"\",\"publisher\":{\"@id\":\"https:\\\/\\\/curo.fr\\\/#organization\"},\"potentialAction\":[{\"@type\":\"SearchAction\",\"target\":{\"@type\":\"EntryPoint\",\"urlTemplate\":\"https:\\\/\\\/curo.fr\\\/?s={search_term_string}\"},\"query-input\":{\"@type\":\"PropertyValueSpecification\",\"valueRequired\":true,\"valueName\":\"search_term_string\"}}],\"inLanguage\":\"es\"},{\"@type\":\"Organization\",\"@id\":\"https:\\\/\\\/curo.fr\\\/#organization\",\"name\":\"Curo\",\"url\":\"https:\\\/\\\/curo.fr\\\/\",\"logo\":{\"@type\":\"ImageObject\",\"inLanguage\":\"es\",\"@id\":\"https:\\\/\\\/curo.fr\\\/#\\\/schema\\\/logo\\\/image\\\/\",\"url\":\"https:\\\/\\\/curo.fr\\\/wp-content\\\/uploads\\\/2024\\\/10\\\/logo.png\",\"contentUrl\":\"https:\\\/\\\/curo.fr\\\/wp-content\\\/uploads\\\/2024\\\/10\\\/logo.png\",\"width\":390,\"height\":390,\"caption\":\"Curo\"},\"image\":{\"@id\":\"https:\\\/\\\/curo.fr\\\/#\\\/schema\\\/logo\\\/image\\\/\"}},{\"@type\":\"Person\",\"@id\":\"https:\\\/\\\/curo.fr\\\/#\\\/schema\\\/person\\\/a73e8b1000e7b99c3f7c5eb9fa1151e0\",\"name\":\"Damien\",\"image\":{\"@type\":\"ImageObject\",\"inLanguage\":\"es\",\"@id\":\"https:\\\/\\\/secure.gravatar.com\\\/avatar\\\/ce38768ebaf5d044c623efd7ff10a6ad2e1bf4f59b1039f5295b8e35e82bb447?s=96&d=mm&r=g\",\"url\":\"https:\\\/\\\/secure.gravatar.com\\\/avatar\\\/ce38768ebaf5d044c623efd7ff10a6ad2e1bf4f59b1039f5295b8e35e82bb447?s=96&d=mm&r=g\",\"contentUrl\":\"https:\\\/\\\/secure.gravatar.com\\\/avatar\\\/ce38768ebaf5d044c623efd7ff10a6ad2e1bf4f59b1039f5295b8e35e82bb447?s=96&d=mm&r=g\",\"caption\":\"Damien\"},\"url\":\"https:\\\/\\\/curo.fr\\\/es\\\/author\\\/damien\\\/\"}]}<\/script>\n<!-- \/ Yoast SEO plugin. -->","yoast_head_json":{"title":"Mancha blanca en la piel: causas y posibles tratamientos - Curo","robots":{"index":"index","follow":"follow","max-snippet":"max-snippet:-1","max-image-preview":"max-image-preview:large","max-video-preview":"max-video-preview:-1"},"canonical":"https:\/\/curo.fr\/es\/manchas-blancas-en-la-piel-causas-posibles-tratamientos\/","og_locale":"es_ES","og_type":"article","og_title":"Tache blanche sur la peau : causes et traitements possibles - Curo","og_description":"L&rsquo;article en bref Les taches blanches sur la peau peuvent avoir diverses origines et n\u00e9cessitent un diagnostic m\u00e9dical pr\u00e9cis. Voici les points cl\u00e9s \u00e0 retenir : Causes principales : vitiligo (maladie auto-immune) et pityriasis versicolor (affection fongique) Diagnostic : examen clinique, lampe de Wood, pr\u00e9l\u00e8vement cutan\u00e9 Traitements : corticoth\u00e9rapie, phototh\u00e9rapie, antifongiques selon la cause Pr\u00e9vention ... Leer m\u00e1s","og_url":"https:\/\/curo.fr\/es\/manchas-blancas-en-la-piel-causas-posibles-tratamientos\/","og_site_name":"Curo","article_published_time":"2024-09-15T07:32:00+00:00","og_image":[{"width":1344,"height":896,"url":"https:\/\/curo.fr\/wp-content\/uploads\/2024\/09\/depigmentation_cutanee_explications_9415.jpg","type":"image\/jpeg"}],"author":"Damien","twitter_card":"summary_large_image","twitter_misc":{"Escrito por":"Damien","Tiempo de lectura":"6 minutos"},"schema":{"@context":"https:\/\/schema.org","@graph":[{"@type":"Article","@id":"https:\/\/curo.fr\/tache-blanche-peau-causes-traitements-possibles\/#article","isPartOf":{"@id":"https:\/\/curo.fr\/tache-blanche-peau-causes-traitements-possibles\/"},"author":{"name":"Damien","@id":"https:\/\/curo.fr\/#\/schema\/person\/a73e8b1000e7b99c3f7c5eb9fa1151e0"},"headline":"Tache blanche sur la peau : causes et traitements possibles","datePublished":"2024-09-15T07:32:00+00:00","mainEntityOfPage":{"@id":"https:\/\/curo.fr\/tache-blanche-peau-causes-traitements-possibles\/"},"wordCount":1198,"commentCount":0,"publisher":{"@id":"https:\/\/curo.fr\/#organization"},"image":{"@id":"https:\/\/curo.fr\/tache-blanche-peau-causes-traitements-possibles\/#primaryimage"},"thumbnailUrl":"https:\/\/curo.fr\/wp-content\/uploads\/2024\/09\/depigmentation_cutanee_explications_9415.jpg","articleSection":["Uncategorized"],"inLanguage":"es","potentialAction":[{"@type":"CommentAction","name":"Comment","target":["https:\/\/curo.fr\/tache-blanche-peau-causes-traitements-possibles\/#respond"]}]},{"@type":"WebPage","@id":"https:\/\/curo.fr\/tache-blanche-peau-causes-traitements-possibles\/","url":"https:\/\/curo.fr\/tache-blanche-peau-causes-traitements-possibles\/","name":"Mancha blanca en la piel: causas y posibles tratamientos - Curo","isPartOf":{"@id":"https:\/\/curo.fr\/#website"},"primaryImageOfPage":{"@id":"https:\/\/curo.fr\/tache-blanche-peau-causes-traitements-possibles\/#primaryimage"},"image":{"@id":"https:\/\/curo.fr\/tache-blanche-peau-causes-traitements-possibles\/#primaryimage"},"thumbnailUrl":"https:\/\/curo.fr\/wp-content\/uploads\/2024\/09\/depigmentation_cutanee_explications_9415.jpg","datePublished":"2024-09-15T07:32:00+00:00","breadcrumb":{"@id":"https:\/\/curo.fr\/tache-blanche-peau-causes-traitements-possibles\/#breadcrumb"},"inLanguage":"es","potentialAction":[{"@type":"ReadAction","target":["https:\/\/curo.fr\/tache-blanche-peau-causes-traitements-possibles\/"]}]},{"@type":"ImageObject","inLanguage":"es","@id":"https:\/\/curo.fr\/tache-blanche-peau-causes-traitements-possibles\/#primaryimage","url":"https:\/\/curo.fr\/wp-content\/uploads\/2024\/09\/depigmentation_cutanee_explications_9415.jpg","contentUrl":"https:\/\/curo.fr\/wp-content\/uploads\/2024\/09\/depigmentation_cutanee_explications_9415.jpg","width":1344,"height":896,"caption":"Tache blanche sur la peau : causes et traitements possibles"},{"@type":"BreadcrumbList","@id":"https:\/\/curo.fr\/tache-blanche-peau-causes-traitements-possibles\/#breadcrumb","itemListElement":[{"@type":"ListItem","position":1,"name":"Home","item":"https:\/\/curo.fr\/"},{"@type":"ListItem","position":2,"name":"Tache blanche sur la peau : causes et traitements possibles"}]},{"@type":"WebSite","@id":"https:\/\/curo.fr\/#website","url":"https:\/\/curo.fr\/","name":"Curo","description":"","publisher":{"@id":"https:\/\/curo.fr\/#organization"},"potentialAction":[{"@type":"SearchAction","target":{"@type":"EntryPoint","urlTemplate":"https:\/\/curo.fr\/?s={search_term_string}"},"query-input":{"@type":"PropertyValueSpecification","valueRequired":true,"valueName":"search_term_string"}}],"inLanguage":"es"},{"@type":"Organization","@id":"https:\/\/curo.fr\/#organization","name":"Curo","url":"https:\/\/curo.fr\/","logo":{"@type":"ImageObject","inLanguage":"es","@id":"https:\/\/curo.fr\/#\/schema\/logo\/image\/","url":"https:\/\/curo.fr\/wp-content\/uploads\/2024\/10\/logo.png","contentUrl":"https:\/\/curo.fr\/wp-content\/uploads\/2024\/10\/logo.png","width":390,"height":390,"caption":"Curo"},"image":{"@id":"https:\/\/curo.fr\/#\/schema\/logo\/image\/"}},{"@type":"Person","@id":"https:\/\/curo.fr\/#\/schema\/person\/a73e8b1000e7b99c3f7c5eb9fa1151e0","name":"Damien","image":{"@type":"ImageObject","inLanguage":"es","@id":"https:\/\/secure.gravatar.com\/avatar\/ce38768ebaf5d044c623efd7ff10a6ad2e1bf4f59b1039f5295b8e35e82bb447?s=96&d=mm&r=g","url":"https:\/\/secure.gravatar.com\/avatar\/ce38768ebaf5d044c623efd7ff10a6ad2e1bf4f59b1039f5295b8e35e82bb447?s=96&d=mm&r=g","contentUrl":"https:\/\/secure.gravatar.com\/avatar\/ce38768ebaf5d044c623efd7ff10a6ad2e1bf4f59b1039f5295b8e35e82bb447?s=96&d=mm&r=g","caption":"Damien"},"url":"https:\/\/curo.fr\/es\/author\/damien\/"}]}},"_links":{"self":[{"href":"https:\/\/curo.fr\/es\/wp-json\/wp\/v2\/posts\/1344","targetHints":{"allow":["GET"]}}],"collection":[{"href":"https:\/\/curo.fr\/es\/wp-json\/wp\/v2\/posts"}],"about":[{"href":"https:\/\/curo.fr\/es\/wp-json\/wp\/v2\/types\/post"}],"author":[{"embeddable":true,"href":"https:\/\/curo.fr\/es\/wp-json\/wp\/v2\/users\/2"}],"replies":[{"embeddable":true,"href":"https:\/\/curo.fr\/es\/wp-json\/wp\/v2\/comments?post=1344"}],"version-history":[{"count":1,"href":"https:\/\/curo.fr\/es\/wp-json\/wp\/v2\/posts\/1344\/revisions"}],"predecessor-version":[{"id":1362,"href":"https:\/\/curo.fr\/es\/wp-json\/wp\/v2\/posts\/1344\/revisions\/1362"}],"wp:featuredmedia":[{"embeddable":true,"href":"https:\/\/curo.fr\/es\/wp-json\/wp\/v2\/media\/1342"}],"wp:attachment":[{"href":"https:\/\/curo.fr\/es\/wp-json\/wp\/v2\/media?parent=1344"}],"wp:term":[{"taxonomy":"category","embeddable":true,"href":"https:\/\/curo.fr\/es\/wp-json\/wp\/v2\/categories?post=1344"},{"taxonomy":"post_tag","embeddable":true,"href":"https:\/\/curo.fr\/es\/wp-json\/wp\/v2\/tags?post=1344"}],"curies":[{"name":"wp","href":"https:\/\/api.w.org\/{rel}","templated":true}]}}